{"id":3495,"date":"2017-04-03T02:24:04","date_gmt":"2017-04-03T02:24:04","guid":{"rendered":"http:\/\/crispelomundo.com.br\/turma-da-monica-o-show\/"},"modified":"2017-04-03T02:24:04","modified_gmt":"2017-04-03T02:24:04","slug":"turma-da-monica-o-show","status":"publish","type":"post","link":"https:\/\/crispelomundo.com.br\/en\/monica-the-show\/","title":{"rendered":"Turma da M\u00f4nica the Show! What to do in Rio de Janeiro with a child"},"content":{"rendered":"<p>&nbsp;<\/p>\n<h2><span style=\"color: #ff6600;\">A family show.<\/span><\/h2>\n<p>Turma da M\u00f4nica the show entertained us and we really enjoyed it!<br \/>\nIt's exciting to be able to share experiences with my son, especially when they come with an extra emotional charge! I grew up reading the comics of this animated gang and now I'm here watching the characters dance and sing along with him.<\/p>\n<p>&nbsp;<\/p>\n<p><img fetchpriority=\"high\" decoding=\"async\" class=\"aligncenter size-large wp-image-5131\" src=\"http:\/\/crispelomundo.com\/wp-content\/uploads\/2017\/04\/Turma-da-M\u00f4nica-O-Show-CrisStilben-Cris-pelo-MUNDO-crispelomundo-4-619x1024.jpg\" alt=\"Turma da M\u00f4nica The Cris ShowStilben Cris around the world crispelomundo \" width=\"619\" height=\"1024\" title=\"- Cris Around the World\"><\/p>\n<h3><span style=\"color: #ff6600;\">The show<\/span><\/h3>\n<p>The show is full of special effects and at every moment there is interaction with a giant LED panel where Maur\u00edcio de Sousa himself tells us about his inspirations for the characters! I particularly loved the show and was moved at every moment<br \/>\nIt's definitely a show to remember.<\/p>\n<p>&nbsp;<\/p>\n<p><img decoding=\"async\" class=\"aligncenter size-large wp-image-5132\" src=\"http:\/\/crispelomundo.com\/wp-content\/uploads\/2017\/04\/Turma-da-M\u00f4nica-O-Show-CrisStilben-Cris-pelo-MUNDO-crispelomundo-6-1024x576.jpg\" alt=\"Turma da M\u00f4nica The Cris ShowStilben Cris around the world crispelomundo \" width=\"640\" height=\"360\" title=\"- Cris Around the World\"><br \/>\nTurma da M\u00f4nica o Show was created and directed by Mauro Sousa under the supervision of Maur\u00edcio de Sousa and seeing our beloved characters come to life is extremely pleasurable.<br \/>\nThe Musical has already been seen by more than 35,000 people in the last two years, who have been enchanted and danced along with M\u00f4nica, Cebolinha, Magali, Casc\u00e3o and Chico Bento!<\/p>\n<h3><span style=\"color: #ff6600;\">Encouraging culture<\/span><\/h3>\n<p>Turma da M\u00f4nica the Show, as well as being extremely tasteful, is a great way to encourage the practice of going to plays from a very young age.<br \/>\nI'm crazy about showing my son the best the world has to offer, and I couldn't leave culture out of the equation. Plays are perfect for instigating the imagination and fostering a child's critical sense, and we couldn't have started in a better way!<\/p>\n<p>&nbsp;<\/p>\n<p><img decoding=\"async\" class=\"aligncenter size-large wp-image-5133\" src=\"http:\/\/crispelomundo.com\/wp-content\/uploads\/2017\/04\/Turma-da-M\u00f4nica-O-Show-CrisStilben-Cris-pelo-MUNDO-crispelomundo-2-1024x576.jpg\" alt=\"Turma da M\u00f4nica The Cris ShowStilben Cris around the world crispelomundo \" width=\"640\" height=\"360\" title=\"- Cris Around the World\"><br \/>\nTurma da M\u00f4nica is a national product, with great taste, innocence and fun, everything a child needs.<\/p>\n<h3><span style=\"color: #ff6600;\">Duration and reactions<\/span><\/h3>\n<p>I was super anxious about his reactions, after all, how would a two-year-old react to a play? Would he find it boring? Could he really go to more plays?<br \/>\nOf course, the choice of garment is essential, as is the theme, hehhee.<\/p>\n<p>&nbsp;<\/p>\n<p><img loading=\"lazy\" decoding=\"async\" class=\"aligncenter size-large wp-image-5136\" src=\"http:\/\/crispelomundo.com\/wp-content\/uploads\/2017\/04\/Turma-da-M\u00f4nica-O-Show-CrisStilben-Cris-pelo-MUNDO-crispelomundo-3-1024x576.jpg\" alt=\"Turma da M\u00f4nica The Cris ShowStilben Cris around the world crispelomundo \" width=\"640\" height=\"360\" title=\"- Cris Around the World\"><br \/>\nAnd we got it right with Turma da M\u00f4nica the Show, he had a lot of fun and danced a lot during the 60-minute show.<br \/>\nYou could see the excitement throughout the theater, with the children clapping and interacting, which was very nice to see.<\/p>\n<h3><span style=\"color: #ff6600;\">What I thought of Turma da M\u00f4nica the Show!<\/span><\/h3>\n<p>Turma da M\u00f4nica o Show is definitely not a show just for the little ones; it was me, the little one, my mother and my sister.<br \/>\nYou could see the sparkle in everyone's eyes too!<br \/>\nHow much nostalgia and pleasant moments we were able to relive, how many nice things my son experienced, we were able to unite and create an unbreakable bond.<br \/>\nMy little boy can experience something that made my childhood, my grandmother's, mother's and aunt's happy, those stories that we read and smiled when we thought about the antics were right there in front of us!<\/p>\n<p><img loading=\"lazy\" decoding=\"async\" class=\"aligncenter size-large wp-image-5134\" src=\"http:\/\/crispelomundo.com\/wp-content\/uploads\/2017\/04\/Turma-da-M\u00f4nica-O-Show-CrisStilben-Cris-pelo-MUNDO-crispelomundo-5-1024x576.jpg\" alt=\"Turma da M\u00f4nica The Cris ShowStilben Cris around the world crispelomundo \" width=\"640\" height=\"360\" title=\"- Cris Around the World\"><br \/>\nThe foodie Magali, Monica who owns the street, the friendly Chico Bento and the inseparable Cebolinha and Casc\u00e3o.<br \/>\nA delightful program to do with the family and enjoy! I loved it<\/p>\n<p>&nbsp;<\/p>\n<p><del><img loading=\"lazy\" decoding=\"async\" class=\"aligncenter size-large wp-image-5135\" src=\"http:\/\/crispelomundo.com\/wp-content\/uploads\/2017\/04\/Turma-da-M\u00f4nica-O-Show-CrisStilben-Cris-pelo-MUNDO-crispelomundo-1024x576.jpg\" alt=\"Turma da M\u00f4nica The Cris ShowStilben Cris around the world crispelomundo \" width=\"640\" height=\"360\" title=\"- Cris Around the World\"><\/del><br \/>\nI don't need to repeat that it was emotional at every moment, right? I confess that my eyes filled with tears of joy at seeing all this interaction.<br \/>\nI became a fan and will repeat the dose whenever Turma da M\u00f4nica returns to Rio de Janeiro.<\/p>\n<h3><span style=\"color: #ff6600;\">Useful information.<\/span><\/h3>\n<p><strong>Local -<\/strong> Art Theater<br \/>\n<strong>Address -<\/strong> Shopping da G\u00e1vea - Rua Marqu\u00eas de S\u00e3o Vicente 52<br \/>\n<strong>Season -<\/strong> from March 11 to April 30, 2017<br \/>\n<strong>Sessions -<\/strong> Saturdays and Sundays at 5pm<br \/>\n<strong>Tickets -<\/strong> R$ 70.00 whole for rows A to J and R$ 50.00 whole from K to O .<br \/>\nThey can be bought at the Shopping da G\u00e1vea Ticket Office, on the website <a href=\"https:\/\/www.ingresso.com\/sao-paulo\/home\" target=\"_blank\" rel=\"noopener\">ingresso.com<\/a><br \/>\nor call (21) 2540-6004<\/p>","protected":false},"excerpt":{"rendered":"<p>&nbsp; Um espet\u00e1culo para fam\u00edlia. A Turma da M\u00f4nica o show nos divertiu e curtimos demaaais! \u00c9 emocionante poder partilhar experi\u00eancias com meu filho, ainda mais quando elas veem com uma carga emocional extra! Eu cresci lendo os quadrinhos dessa turma animada e agora estou aqui vendo os personagens dan\u00e7ar e cantar junto com ele. [&hellip;]<\/p>","protected":false},"author":1,"featured_media":3496,"comment_status":"open","ping_status":"open","sticky":false,"template":"","format":"standard","meta":{"footnotes":""},"categories":[22,24],"tags":[1044,1182,1805,568,1722,1806,252,396,1807,1808,34,1809,1810,1811,1812],"class_list":["post-3495","post","type-post","status-publish","format-standard","has-post-thumbnail","hentry","category-brasil","category-rio-de-janeiro","tag-crianca","tag-infantil","tag-musical","tag-onde-ir","tag-onde-ir-com-crianca","tag-peca-infantil","tag-rio-de-janeiro","tag-rj","tag-shopping","tag-shopping-da-gavea","tag-show","tag-teatro","tag-teatro-das-artes","tag-turma-da-monica","tag-turma-da-monica-o-show"],"_links":{"self":[{"href":"https:\/\/crispelomundo.com.br\/en\/wp-json\/wp\/v2\/posts\/3495","targetHints":{"allow":["GET"]}}],"collection":[{"href":"https:\/\/crispelomundo.com.br\/en\/wp-json\/wp\/v2\/posts"}],"about":[{"href":"https:\/\/crispelomundo.com.br\/en\/wp-json\/wp\/v2\/types\/post"}],"author":[{"embeddable":true,"href":"https:\/\/crispelomundo.com.br\/en\/wp-json\/wp\/v2\/users\/1"}],"replies":[{"embeddable":true,"href":"https:\/\/crispelomundo.com.br\/en\/wp-json\/wp\/v2\/comments?post=3495"}],"version-history":[{"count":0,"href":"https:\/\/crispelomundo.com.br\/en\/wp-json\/wp\/v2\/posts\/3495\/revisions"}],"wp:featuredmedia":[{"embeddable":true,"href":"https:\/\/crispelomundo.com.br\/en\/wp-json\/wp\/v2\/media\/3496"}],"wp:attachment":[{"href":"https:\/\/crispelomundo.com.br\/en\/wp-json\/wp\/v2\/media?parent=3495"}],"wp:term":[{"taxonomy":"category","embeddable":true,"href":"https:\/\/crispelomundo.com.br\/en\/wp-json\/wp\/v2\/categories?post=3495"},{"taxonomy":"post_tag","embeddable":true,"href":"https:\/\/crispelomundo.com.br\/en\/wp-json\/wp\/v2\/tags?post=3495"}],"curies":[{"name":"wp","href":"https:\/\/api.w.org\/{rel}","templated":true}]}}