{"id":2394,"date":"2015-10-06T01:32:56","date_gmt":"2015-10-06T01:32:56","guid":{"rendered":"http:\/\/crispelomundo.com.br\/roteiro-blumenau\/"},"modified":"2015-10-06T01:32:56","modified_gmt":"2015-10-06T01:32:56","slug":"roteiro-blumenau","status":"publish","type":"post","link":"https:\/\/crispelomundo.com.br\/es\/itinerario-de-blumenau\/","title":{"rendered":"Ruta de Blumenau - A pie"},"content":{"rendered":"<h2 class=\"wp-block-heading\">Mucho m\u00e1s que la Oktoberfest<\/h2>\n\n\n\n<iframe width=\"560\" height=\"315\" src=\"https:\/\/www.youtube.com\/embed\/_xpAO-wvlmE\" frameborder=\"0\" allow=\"accelerometer; autoplay; encrypted-media; gyroscope; picture-in-picture\" allowfullscreen><\/iframe>\n\n\n\n<p>Cuando hablamos de Blumenau, siempre pensamos en el famoso festival alem\u00e1n Oktoberfest, pero la ciudad ofrece mucho m\u00e1s que el evento, aunque el ambiente alem\u00e1n de una de las colonias alemanas m\u00e1s tradicionales del pa\u00eds siempre remite al festival.<\/p>\n\n\n\n<p>Situada en la regi\u00f3n metropolitana del Valle de Itaja\u00ed, fue fundada en 1850 por Hermann Bruno Otto Blumenau, de quien tom\u00f3 su nombre. Sus calles impecablemente limpias y cuidadas, decoradas con jardines que adornan la ciudad con un buen gusto sin igual, realmente me hicieron sentir como si estuviera en un pedacito de la campi\u00f1a alemana.<\/p>\n\n\n\n<div class=\"wp-block-image\"><figure class=\"aligncenter\"><a href=\"http:\/\/crispelomundo.com\/wp-content\/uploads\/2015\/10\/ROTEIRO-BLUMENAU-24.jpg\" target=\"_blank\" rel=\"noopener\"><img decoding=\"async\" src=\"http:\/\/crispelomundo.com\/wp-content\/uploads\/2015\/10\/ROTEIRO-BLUMENAU-24-586x1024.jpg\" alt=\"RUTA DE BLUMENAU (24)\" class=\"wp-image-3419\" title=\"- Cris por el mundo\"><\/a><\/figure><\/div>\n\n\n\n<p>As\u00ed que, para explorarla mejor, decid\u00ed coger el cochecito y callejear por la zona, ya que estaba muy bien situada, en el centro de la ciudad, en el Hotel Gloria , al fin y al cabo no hay mejor manera de conocer una ciudad que salir en busca de lo que m\u00e1s te gusta, disfrutando de tu propio ritmo, sin un itinerario marcado, como ocurre en las excursiones, por ejemplo.<\/p>\n\n\n\n<p>Como hab\u00edamos sido invitados a descubrir las maravillas gastron\u00f3micas de SC Gourmet, nuestros d\u00edas en la ciudad estuvieron pr\u00e1cticamente dedicados al tema y acabamos con muy poco tiempo para realmente \"recorrer\" Blumenau, pero sedienta como estoy de nuevos lugares, he intentado traeros un poco de lo que consegu\u00ed hacer en s\u00f3lo una tarde y compartirlo con vosotros. Salimos del hotel en direcci\u00f3n a Vila Germ\u00e2nica, donde tradicionalmente se celebra el Oktoberfest, una distancia aproximada de s\u00f3lo 3 kil\u00f3metros, \u00a1pero decidimos parar por el camino y ver todo lo posible!<\/p>\n\n\n\n<div class=\"wp-block-image\"><figure class=\"aligncenter\"><a href=\"http:\/\/crispelomundo.com\/wp-content\/uploads\/2015\/10\/ROTEIRO-BLUMENAU-16.jpg\" target=\"_blank\" rel=\"noopener\"><img decoding=\"async\" src=\"http:\/\/crispelomundo.com\/wp-content\/uploads\/2015\/10\/ROTEIRO-BLUMENAU-16-1024x749.jpg\" alt=\"RUTA DE BLUMENAU (16)\" class=\"wp-image-3414\" title=\"- Cris por el mundo\"><\/a><\/figure><\/div>\n\n\n\n<p>Continuamos por la Rua XV de Novembro, donde tiene lugar todo el bullicio de la Oktorberfest y sus desfiles, donde podr\u00e1 encontrar f\u00e1cilmente edificios germ\u00e1nicos e importantes atracciones tur\u00edsticas como la Catedral de Blumenau, construida en granito rojo en 1958, \u00a1muy grandiosa y hermosa!<\/p>\n\n\n\n<p>Justo delante se encuentra el antiguo castillo Moellmann, hoy uno de los almacenes Havan, otra de las atracciones tur\u00edsticas m\u00e1s famosas de la ciudad. Concebido por el empresario Schadrack, es una copia del ayuntamiento m\u00e1s antiguo de Alemania, que se encuentra en Michelstadt, pero el castillo Moellmann tiene los d\u00edas contados, dando paso a los almacenes Havan. Durante la remodelaci\u00f3n para convertirlo en los grandes almacenes, se encontr\u00f3 un pol\u00e9mico t\u00fanel subterr\u00e1neo con conexiones a lugares estrat\u00e9gicos. Obviamente, esto gener\u00f3 muchas especulaciones y leyendas, siendo la m\u00e1s probable que el t\u00fanel sirviera para recibir y transportar materiales recibidos directamente de Alemania, algo prohibido durante la Segunda Guerra Mundial en la lucha contra el nazismo.<\/p>\n\n\n\n<p>Tuve que entrar en la tienda y ver estos t\u00faneles de cerca, me parecieron incre\u00edbles y no se puede negar que no son s\u00f3lo galer\u00edas, sino una ruta secreta.<\/p>\n\n\n\n<div class=\"wp-block-image\"><figure class=\"aligncenter\"><a href=\"http:\/\/crispelomundo.com\/wp-content\/uploads\/2015\/10\/ROTEIRO-BLUMENAU-20.jpg\" target=\"_blank\" rel=\"noopener\"><img decoding=\"async\" src=\"http:\/\/crispelomundo.com\/wp-content\/uploads\/2015\/10\/ROTEIRO-BLUMENAU-20-846x1024.jpg\" alt=\"RUTA DE BLUMENAU (20)\" class=\"wp-image-3417\" title=\"- Cris por el mundo\"><\/a><\/figure><\/div>\n\n\n\n<p>Desde all\u00ed, continuamos por la calle paralela, que discurre a orillas del r\u00edo Itaja\u00ed-A\u00e7u, que atraviesa el valle. Con hermosos paisajes, es un lugar ideal para hacer ejercicio o incluso para dar un paseo y explorar diferentes \u00e1ngulos de la ciudad. Me detuve en un punto para disfrutar del agradable clima y jugar con el beb\u00e9, ya que hay varios bancos repartidos por el camino.<\/p>\n\n\n\n<div class=\"wp-block-image\"><figure class=\"aligncenter\"><a href=\"http:\/\/crispelomundo.com\/wp-content\/uploads\/2015\/10\/ROTEIRO-BLUMENAU-17.jpg\" target=\"_blank\" rel=\"noopener\"><img decoding=\"async\" src=\"http:\/\/crispelomundo.com\/wp-content\/uploads\/2015\/10\/ROTEIRO-BLUMENAU-17-1024x678.jpg\" alt=\"RUTA DE BLUMENAU (17)\" class=\"wp-image-3416\" title=\"- Cris por el mundo\"><\/a><\/figure><\/div>\n\n\n\n<p>Un poco m\u00e1s adelante, nos encontramos con el Ayuntamiento de Blumenau, otra hermosa atracci\u00f3n tur\u00edstica, imposible no detenerse a disfrutarla. Justo enfrente del ayuntamiento encontramos la locomotora Macuca, \u00a1otra de las favoritas de los turistas! Esta locomotora fue construida en Alemania y en mayo de 1909 tir\u00f3 del tramo entre Blumenau y Warnow.<\/p>\n\n\n\n<p>Desde all\u00ed fuimos directos a Vila Germ\u00e2nica, donde no puedes evitar sentir el ambiente alem\u00e1n, \u00a1lleno de restaurantes t\u00edpicos y tiendas que te transportan al continente europeo! Incluso los lugare\u00f1os ayudan en este sentido cuando mezclan portugu\u00e9s y alem\u00e1n en sus conversaciones.<\/p>\n\n\n\n<p>Incluso sin fiesta, Vila Germ\u00e1nica es siempre alegre y festiva, un lugar de diversi\u00f3n para turistas y lugare\u00f1os, con espect\u00e1culos de m\u00fasica en directo o incluso m\u00fasica ambiental seg\u00fan el establecimiento.<\/p>\n\n\n\n<div class=\"wp-block-image\"><figure class=\"aligncenter\"><a href=\"http:\/\/crispelomundo.com\/wp-content\/uploads\/2015\/10\/ROTEIRO-BLUMENAU-36.jpg\" target=\"_blank\" rel=\"noopener\"><img decoding=\"async\" src=\"http:\/\/crispelomundo.com\/wp-content\/uploads\/2015\/10\/ROTEIRO-BLUMENAU-36-576x1024.jpg\" alt=\"RUTA DE BLUMENAU (36)\" class=\"wp-image-3415\" title=\"- Cris por el mundo\"><\/a><\/figure><\/div>\n\n\n\n<p>Me encant\u00f3 la ciudad y confieso que quiero volver cuanto antes para visitar todo aquello para lo que no tuve tiempo.<\/p>\n\n\n\n<p>Vale la pena recordar que incluso los s\u00e1bados, la vida en el centro de la ciudad cierra temprano, as\u00ed que si est\u00e1s interesado en conocer la vida t\u00edpica y ver de cerca el centro hist\u00f3rico en funcionamiento, el consejo es que lo hagas el s\u00e1bado por la ma\u00f1ana. Adem\u00e1s, como sal\u00ed un poco tarde de mi recorrido, no pude visitar el Museo Hering, lo cual es una pena porque dicen que all\u00ed se puede ver gran parte de la historia de la ciudad.<\/p>\n\n\n\n<p>\u00bfY a ti? \u00bfTambi\u00e9n te ha gustado?<\/p>","protected":false},"excerpt":{"rendered":"<p>Muito mais que a Oktoberfest Quando falamos em Blumenau, sempre lembramos da famosa festa alem\u00e3 Oktoberfest, por\u00e9m a cidade oferece muito mais que o evento, apesar da atmosfera alem\u00e3 de uma das mais tradicionais col\u00f4nias alem\u00e3s do pa\u00eds sempre remeter ao festival. Localizada na regi\u00e3o metropolitana do Vale do Itaja\u00ed, foi fundada em 1850 por [&hellip;]<\/p>","protected":false},"author":1,"featured_media":2395,"comment_status":"open","ping_status":"open","sticky":false,"template":"","format":"standard","meta":{"footnotes":""},"categories":[22,222],"tags":[],"class_list":["post-2394","post","type-post","status-publish","format-standard","has-post-thumbnail","hentry","category-brasil","category-santa-catarina"],"_links":{"self":[{"href":"https:\/\/crispelomundo.com.br\/es\/wp-json\/wp\/v2\/posts\/2394","targetHints":{"allow":["GET"]}}],"collection":[{"href":"https:\/\/crispelomundo.com.br\/es\/wp-json\/wp\/v2\/posts"}],"about":[{"href":"https:\/\/crispelomundo.com.br\/es\/wp-json\/wp\/v2\/types\/post"}],"author":[{"embeddable":true,"href":"https:\/\/crispelomundo.com.br\/es\/wp-json\/wp\/v2\/users\/1"}],"replies":[{"embeddable":true,"href":"https:\/\/crispelomundo.com.br\/es\/wp-json\/wp\/v2\/comments?post=2394"}],"version-history":[{"count":0,"href":"https:\/\/crispelomundo.com.br\/es\/wp-json\/wp\/v2\/posts\/2394\/revisions"}],"wp:featuredmedia":[{"embeddable":true,"href":"https:\/\/crispelomundo.com.br\/es\/wp-json\/wp\/v2\/media\/2395"}],"wp:attachment":[{"href":"https:\/\/crispelomundo.com.br\/es\/wp-json\/wp\/v2\/media?parent=2394"}],"wp:term":[{"taxonomy":"category","embeddable":true,"href":"https:\/\/crispelomundo.com.br\/es\/wp-json\/wp\/v2\/categories?post=2394"},{"taxonomy":"post_tag","embeddable":true,"href":"https:\/\/crispelomundo.com.br\/es\/wp-json\/wp\/v2\/tags?post=2394"}],"curies":[{"name":"wp","href":"https:\/\/api.w.org\/{rel}","templated":true}]}}