{"id":5262,"date":"2018-12-27T10:08:58","date_gmt":"2018-12-27T10:08:58","guid":{"rendered":"http:\/\/crispelomundo.com.br\/natal-em-portugal\/"},"modified":"2018-12-27T10:08:58","modified_gmt":"2018-12-27T10:08:58","slug":"natal-em-portugal","status":"publish","type":"post","link":"https:\/\/crispelomundo.com.br\/es\/navidad-en-portugal\/","title":{"rendered":"Navidad en Portugal"},"content":{"rendered":"<h2 class=\"wp-block-heading\">\u00a1La magia se apodera de ti!<\/h2>\n\n\n\n<p>La Navidad es una \u00e9poca de magia, los ni\u00f1os est\u00e1n encantados y los adultos cantan. Toda la familia se divierte.<\/p>\n\n\n\n<iframe width=\"560\" height=\"315\" src=\"https:\/\/www.youtube.com\/embed\/j7Vf_b6Ftyg\" frameborder=\"0\" allow=\"accelerometer; autoplay; encrypted-media; gyroscope; picture-in-picture\" allowfullscreen><\/iframe>\n\n\n\n<p><br>Confieso que ten\u00eda muchas ganas de pasar mis primeras Navidades en Portugal.<\/p>\n\n\n\n<h4 style=\"text-align:center\"><iframe width=\"560\" height=\"315\" src=\"https:\/\/www.youtube.com\/embed\/HDEnNCwZEGE\" allowfullscreen=\"\"><\/iframe><br>\n<\/h4>\n\n\n\n<p><br>Al mismo tiempo que los \u00e1rboles se despojan de su color oto\u00f1al y las ramas se vac\u00edan, las calles cobran vida con las luces y los coloridos \u00e1rboles de Navidad.<\/p>\n\n\n\n<div class=\"wp-block-image\"><figure class=\"aligncenter\"><img decoding=\"async\" src=\"http:\/\/crispelomundo.com\/wp-content\/uploads\/2018\/12\/IMG_9469-2.jpg\" alt=\"NAVIDAD EN PORTUGAL LISBOA PRA\u00c7A DO COMERCIO\" class=\"wp-image-8666\" title=\"- Cris por el mundo\"><\/figure><\/div>\n\n\n\n<p>Hay decoraciones de lo m\u00e1s variopintas, que dejan volar la imaginaci\u00f3n a lo largo y ancho. Aparecen personajes, los duendes forman parte de la magia y, por supuesto, Pap\u00e1 Noel empieza a aparecer en las tiendas.<\/p>\n\n\n\n<div class=\"wp-block-image\"><figure class=\"aligncenter\"><img decoding=\"async\" src=\"http:\/\/crispelomundo.com\/wp-content\/uploads\/2018\/12\/IMG_8894.jpg\" alt=\"D\u00d3NDE ALOJARSE EN LISBOA HOTEL PLAZA LISBOA AV DA LIBERDADE CRISSTILBEN CRISPELOMUNDO AV DA LIBERDADE\" class=\"wp-image-8635\" title=\"- Cris por el mundo\"><\/figure><\/div>\n\n\n\n<p>Viajar en esta \u00e9poca del a\u00f1o significa conocer un Portugal diferente a todo lo que haya visto jam\u00e1s. Cada a\u00f1o los lugares se reinventan.<br>\u00c9ste puede ser el mejor momento para salir de viaje, perseguir el esp\u00edritu navide\u00f1o que se extiende por todo Portugal y descubrir algo \u00fanico.<br>Te voy a hablar de algunos de los lugares que no te puedes perder.<\/p>\n\n\n\n<h4 class=\"wp-block-heading\">Perlim<br><\/h4>\n\n\n\n<p>Empezar\u00e9 hablando del mayor parque tem\u00e1tico navide\u00f1o del pa\u00eds: \u00a1Perlim! El a\u00f1o pasado se dej\u00f3 una semillita y brot\u00f3 estos d\u00edas cerca de Quinta do Castelo, trayendo toda la magia y la fantas\u00eda. <\/p>\n\n\n\n<h4 style=\"text-align:center\"><iframe width=\"560\" height=\"315\" src=\"https:\/\/www.youtube.com\/embed\/NKaZiTM-aGw\" allowfullscreen=\"\"><\/iframe><br>\n<\/h4>\n\n\n\n<p>Santa Maria da Feira da paso a los habitantes de Perlin, con un mont\u00f3n de espect\u00e1culos, atracciones y personajes que se pasean con los visitantes. Es algo de otro mundo. Los ni\u00f1os no pueden contenerse y los adultos quedan hipnotizados.<br>Incluso es posible conocer al mism\u00edsimo Pap\u00e1 Noel, y si no nieva en Santa Maria da Feira, los habitantes de Perlim har\u00e1n magia y todo puede pasar.<\/p>\n\n\n\n<h4 class=\"wp-block-heading\">Bel\u00e9n Priscos<\/h4>\n\n\n\n<p>Otro lugar que no debe pasarse por alto es el Bel\u00e9n Viviente de Priscos, en el municipio de Braga.<br> Hay 800 figurantes que dan vida a los decorados repartidos en 30.000 metros cuadrados.<\/p>\n\n\n\n<h4 style=\"text-align:center\"><iframe width=\"560\" height=\"315\" src=\"https:\/\/www.youtube.com\/embed\/6AovYXhvTkQ\" allowfullscreen=\"\"><\/iframe><br>\n<\/h4>\n\n\n\n<p><br>Es un aut\u00e9ntico viaje en el tiempo, donde la Navidad se lleva a otro nivel, con la emoci\u00f3n a flor de piel en la gruta donde se encuentran Mar\u00eda, Jos\u00e9 y el ni\u00f1o Jes\u00fas. Todo es tan real que los animales tambi\u00e9n acompa\u00f1an a las figuras b\u00edblicas.<br>Es sencillamente sensacional, y tanto esmero les ha valido el t\u00edtulo de bel\u00e9n viviente m\u00e1s grande de Europa.<\/p>\n\n\n\n<h4 class=\"wp-block-heading\">Pueblos y ciudades navide\u00f1os por todas partes<\/h4>\n\n\n\n<p><br>Hay tantos pueblos y ciudades navide\u00f1os en Portugal que podr\u00edamos estar viajando todo el mes y aun as\u00ed no podr\u00edamos visitarlo todo.<br>Pueblos navide\u00f1os con castillos como en \u00d3bidos, decoraciones incre\u00edbles como en Sintra, o incluso lugares completamente cubiertos como Porto Christimas Village, imprescindible para los d\u00edas de lluvia.<\/p>\n\n\n\n<h4 class=\"wp-block-heading\">Hoteles decorados para la Navidad en Portugal<\/h4>\n\n\n\n<p><br>Los hoteles tambi\u00e9n aprovechan esta temporada para dar la bienvenida a sus hu\u00e9spedes. <\/p>\n\n\n\n<div class=\"wp-block-image\"><figure class=\"aligncenter\"><img decoding=\"async\" src=\"http:\/\/crispelomundo.com\/wp-content\/uploads\/2018\/12\/IMG_9165.jpg\" alt=\"NAVIDAD EN PORTUGAL D\u00d3NDE ALOJARSE EN LISBOA\" class=\"wp-image-8663\" title=\"- Cris por el mundo\"><\/figure><\/div>\n\n\n\n<p><br>Una decoraci\u00f3n es m\u00e1s bella que la otra. En Lisboa, hasta los osos de peluche sirvieron de inspiraci\u00f3n, o incluso el famoso Harry Potter.<br><br><a href=\"https:\/\/crispelomundo.com\/onde-se-hospedar-em-lisboa\/\" target=\"_blank\" rel=\"noreferrer noopener\" aria-label=\"VER AQU\u00cd D\u00d3NDE DORMIR EN LISBOA (se abre en una pesta\u00f1a nueva)\">D\u00d3NDE ALOJARSE EN LISBOA<\/a><\/p>\n\n\n\n<h4 class=\"wp-block-heading\">Lisboa y m\u00e1s Lisboa<br><br><\/h4>\n\n\n\n<p>Pero no se preocupe, no son s\u00f3lo los hoteles de Lisboa los que se llevan la palma, sino todo lo contrario.<\/p>\n\n\n\n<h4 style=\"text-align:center\"><figure class=\"aligncenter\"><img decoding=\"async\" src=\"http:\/\/crispelomundo.com\/wp-content\/uploads\/2018\/12\/MG_8914.jpg\" alt=\"D\u00d3NDE ALOJARSE EN LISBOA HOTEL PLAZA LISBOA AV DA LIBERDADE CRISSTILBEN CRISPELOMUNDO AV DA LIBERDADE\" class=\"wp-image-8673\" title=\"- Cris por el mundo\"><\/figure><br>\n<\/h4>\n\n\n\n<p><br>La Avenida da Liberdade est\u00e1 completamente decorada con sorpresas all\u00e1 donde mires.<br>Wonderland Lisboa es un enorme mercado navide\u00f1o con mucha diversi\u00f3n. <\/p>\n\n\n\n<div class=\"wp-block-image\"><figure class=\"aligncenter\"><img decoding=\"async\" src=\"http:\/\/crispelomundo.com\/wp-content\/uploads\/2018\/12\/MG_8872.jpg\" alt=\"NAVIDAD EN PORTUGAL DONDE ALOJARSE EN LISBOA EN NAVIDAD\" class=\"wp-image-8633\" title=\"- Cris por el mundo\"><\/figure><\/div>\n\n\n\n<p><br>Lo m\u00e1s destacado es la hermosa noria, que se ilumina por la noche.<br>Ahhh, \u00bfha pensado alguna vez en estar dentro de un \u00e1rbol de Navidad? Entonces no se pierda la Pra\u00e7a do Com\u00e9rcio.<\/p>\n\n\n\n<h4 style=\"text-align:center\"><iframe width=\"560\" height=\"315\" src=\"https:\/\/www.youtube.com\/embed\/RaZ29Zh8NEY\" allowfullscreen=\"\"><\/iframe><br>\n<\/h4>\n\n\n\n<h4 class=\"wp-block-heading\">Navidad blanca <\/h4>\n\n\n\n<p>La Navidad es una \u00e9poca en la que pensamos en nieve y cosas esponjosas. Ahora imagina una ciudad entera vestida de blanco, con luces y m\u00e1s luces por toda la ciudad? As\u00ed se visti\u00f3 Castelo Branco en 2019.<\/p>\n\n\n\n<div class=\"wp-block-image\"><figure class=\"aligncenter size-large\"><img decoding=\"async\" src=\"https:\/\/crispelomundo.com\/wp-content\/uploads\/2018\/12\/DSCF2529.jpg\" alt=\"NAVIDAD EN PORTUGAL CASTELO BRANCO NAVIDAD BLANCA\" class=\"wp-image-10140\" title=\"- Cris por el mundo\"><\/figure><\/div>\n\n\n\n<p>Puede dar un paseo en tren por la ciudad y ver las hermosas luces que la cubren. Incluso el castillo ha sido bellamente decorado con luces que se pueden ver desde lejos.<\/p>\n\n\n\n<p>Sin embargo, lo m\u00e1s destacado es la nieve artificial y el mercado navide\u00f1o del centro de la ciudad.<br>\nLa decoraci\u00f3n es preciosa. Es incre\u00edble c\u00f3mo un detalle marca tanta diferencia. Nunca habr\u00eda pensado que el simple hecho de que todo fuera blanco marcar\u00eda tanto la diferencia. Incluso Pap\u00e1 Noel es blanco, con una ropa preciosa a juego con el entorno.<\/p>\n\n\n\n<div class=\"wp-block-image\"><figure class=\"aligncenter size-large\"><img decoding=\"async\" src=\"https:\/\/crispelomundo.com\/wp-content\/uploads\/2019\/12\/DSCF2613.jpg\" alt=\"NAVIDAD EN PORTUGAL CASTELO BRANCO NAVIDAD BLANCO MESA DULCE\" class=\"wp-image-10141\" title=\"- Cris por el mundo\"><\/figure><\/div>\n\n\n\n<p>El gigantesco \u00e1rbol del centro de la plaza est\u00e1 hecho enteramente de luces blancas. Por supuesto. El columpio, tambi\u00e9n en el centro de la plaza, es encantador y lleva el lema de la Navidad de este a\u00f1o: Blanca Navidad.<\/p>\n\n\n\n<h4 class=\"wp-block-heading\">Madeiro de Penamacor<\/h4>\n\n\n\n<p>Si hay algo que me encanta de la Navidad es la tradici\u00f3n. Ahora imag\u00ednate: \u00bfcombinar la tradici\u00f3n local con la tradici\u00f3n navide\u00f1a? \u00a1Perfecto! Creo que es genial sumergirse en las culturas y vivir las ciudades. Eso es lo que ocurri\u00f3 en Penamacor. Tuvimos el privilegio de participar en el montaje del Madeiro, que tiene lugar cada 8 de diciembre, para encenderse la noche del 23 de diciembre y mantenerse encendido hasta cerca del d\u00eda de Reyes.<\/p>\n\n\n\n<div class=\"wp-block-image\"><figure class=\"aligncenter size-large\"><img decoding=\"async\" src=\"https:\/\/crispelomundo.com\/wp-content\/uploads\/2019\/12\/DSCF3215.jpg\" alt=\"NAVIDAD EN PORTUGAL MADEIRO PENAMACOR BEIRA BAIXA\" class=\"wp-image-10142\" title=\"- Cris por el mundo\"><\/figure><\/div>\n\n\n\n<p>No obstante, te aconsejo que lo visites, tanto para montar el Madeiro como el d\u00eda de su encendido. Ambos d\u00edas la fiesta est\u00e1 garantizada.<\/p>\n\n\n\n<p>Pero, Cris, \u00bfqu\u00e9 es el maneiro? Es una gran hoguera que se enciende en Nochebuena.<br>\nEsta tradici\u00f3n pertenece a la regi\u00f3n portuguesa de Beira Baixa, y hay otra curiosidad. El madeiro de Penamacor. Es el m\u00e1s grande de todo Portugal. Adem\u00e1s, hay otra peculiaridad: s\u00f3lo en Penamacor se enciende la le\u00f1a el d\u00eda anterior, el 23 de diciembre.<\/p>\n\n\n\n<figure class=\"wp-block-gallery columns-2 is-cropped wp-block-gallery-1 is-layout-flex wp-block-gallery-is-layout-flex\"><ul class=\"blocks-gallery-grid\"><li class=\"blocks-gallery-item\"><figure><img decoding=\"async\" src=\"https:\/\/crispelomundo.com\/wp-content\/uploads\/2018\/12\/DSCF3096.jpg\" alt=\"NAVIDAD EN PORTUGAL MADEIRO PENAMACOR\" data-id=\"10144\" data-full-url=\"https:\/\/crispelomundo.com\/wp-content\/uploads\/2018\/12\/DSCF3096.jpg\" data-link=\"https:\/\/crispelomundo.com\/natal-em-portugal\/dscf3096\/\" class=\"wp-image-10144\" title=\"- Cris por el mundo\"><\/figure><\/li><li class=\"blocks-gallery-item\"><figure><img decoding=\"async\" src=\"https:\/\/crispelomundo.com\/wp-content\/uploads\/2018\/12\/DSCF3146.jpg\" alt=\"NAVIDAD EN PORTUGAL MADEIRO PENAMACOR\" data-id=\"10143\" data-full-url=\"https:\/\/crispelomundo.com\/wp-content\/uploads\/2018\/12\/DSCF3146.jpg\" data-link=\"https:\/\/crispelomundo.com\/natal-em-portugal\/dscf3146\/\" class=\"wp-image-10143\" title=\"- Cris por el mundo\"><\/figure><\/li><\/ul><\/figure>\n\n\n\n<p>El pueblo se convierte en una fiesta el d\u00eda de la asamblea y la v\u00edspera, cuando los j\u00f3venes van a recoger los \u00e1rboles. Espect\u00e1culos, hogueras y mucha diversi\u00f3n forman parte de los festejos, que duran hasta el d\u00eda de la asamblea, cuando hay desfiles de tractores y m\u00e1s vida social en el pueblo.<\/p>\n\n\n\n<p>Adem\u00e1s de esta hermosa festividad, la ciudad tambi\u00e9n acoge otros programas navide\u00f1os, que mantienen a los ni\u00f1os contentos con talleres, hinchables y \u00a1mucha diversi\u00f3n! A Emmanuel le encant\u00f3 hacer una magdalena navide\u00f1a, jugar en el hinchable e incluso fabricar su propio juguete antiguo de madera.<\/p>\n\n\n\n<figure class=\"wp-block-gallery columns-3 is-cropped wp-block-gallery-2 is-layout-flex wp-block-gallery-is-layout-flex\"><ul class=\"blocks-gallery-grid\"><li class=\"blocks-gallery-item\"><figure><img decoding=\"async\" src=\"https:\/\/crispelomundo.com\/wp-content\/uploads\/2019\/12\/DSCF2968.jpg\" alt=\"- Cris por el mundo\" data-id=\"10146\" data-full-url=\"https:\/\/i1.wp.com\/crispelomundo.com\/wp-content\/uploads\/2019\/12\/DSCF2968.jpg?fit=1024%2C683&amp;ssl=1\" data-link=\"https:\/\/crispelomundo.com\/natal-em-portugal\/dscf2968\/\" class=\"wp-image-10146\" title=\"- Cris por el mundo\"><\/figure><\/li><li class=\"blocks-gallery-item\"><figure><img decoding=\"async\" src=\"https:\/\/crispelomundo.com\/wp-content\/uploads\/2019\/12\/DSCF3003.jpg\" alt=\"- Cris por el mundo\" data-id=\"10147\" data-full-url=\"https:\/\/i1.wp.com\/crispelomundo.com\/wp-content\/uploads\/2019\/12\/DSCF3003.jpg?fit=1024%2C683&amp;ssl=1\" data-link=\"https:\/\/crispelomundo.com\/natal-em-portugal\/dscf3003\/\" class=\"wp-image-10147\" title=\"- Cris por el mundo\"><\/figure><\/li><li class=\"blocks-gallery-item\"><figure><img decoding=\"async\" src=\"https:\/\/crispelomundo.com\/wp-content\/uploads\/2019\/12\/DSCF3225.jpg\" alt=\"- Cris por el mundo\" data-id=\"10148\" data-full-url=\"https:\/\/i0.wp.com\/crispelomundo.com\/wp-content\/uploads\/2019\/12\/DSCF3225.jpg?fit=1024%2C683&amp;ssl=1\" data-link=\"https:\/\/crispelomundo.com\/natal-em-portugal\/dscf3225\/\" class=\"wp-image-10148\" title=\"- Cris por el mundo\"><\/figure><\/li><\/ul><\/figure>\n\n\n\n<p>\u00a1La Navidad en Portugal es realmente incre\u00edble!<\/p>\n\n\n\n<h4 class=\"wp-block-heading\">Navidad en Serra da Estrela<\/h4>\n\n\n\n<p><br>Casi me olvido de la Aldea Navide\u00f1a de Cabe\u00e7a, en la Serra da Estrela, que tambi\u00e9n llama la atenci\u00f3n con sus 100% decoraciones sostenibles.<br>Todos los materiales se toman de la naturaleza y los elaboran los vecinos. La preparaci\u00f3n de la fiesta debe ser una alegr\u00eda para todos los vecinos. <br>La Navidad en Portugal es realmente incre\u00edble. Tan diversa, desde parques tem\u00e1ticos hasta decoraciones naturales.<br>\u00bfHas pensado alguna vez en conocer la Navidad y jugar en la nieve en la monta\u00f1a?<br>de la Estrella? <\/p>\n\n\n\n<h4 style=\"text-align:center\"><iframe width=\"560\" height=\"315\" src=\"https:\/\/www.youtube.com\/embed\/uO3NZ06KsdI\" allowfullscreen=\"\"><\/iframe><br>\n<\/h4>\n\n\n\n<p>La Serra da Estrela es el lugar que hay que visitar este invierno, <a href=\"https:\/\/crispelomundo.com\/serra-da-estrela\/\" target=\"_blank\" rel=\"noreferrer noopener\" aria-label=\"haga clic aqu\u00ed y lea el texto (se abre en una nueva pesta\u00f1a)\">pulse aqu\u00ed para leer el texto <\/a>\u00a1con muchas sorpresas por el camino!<\/p>\n\n\n\n<p><em><strong>No deje de seguirnos en&nbsp;<a href=\"https:\/\/www.instagram.com\/crispelomundo\/\" target=\"_blank\" rel=\"noopener\">Instagram<\/a>&nbsp;y disfruta de todos nuestros viajes en tiempo real.<br>Ahhh tambi\u00e9n tenemos muchas noticias cada semana&nbsp;<a rel=\"noreferrer noopener\" href=\"https:\/\/crispelomundo.com\/\" target=\"_blank\">\u00a1Por aqu\u00ed!<\/a><\/strong><\/em><br><em><strong>O viaje con nosotros en nuestros v\u00eddeos en&nbsp;<a href=\"https:\/\/www.youtube.com\/crispelomundo\" target=\"_blank\" rel=\"noopener\">\u00a1YouTube!<\/a><\/strong><\/em><\/p>","protected":false},"excerpt":{"rendered":"<p>A magia toma conta! O Natal \u00e9 uma \u00e9poca de magia, as crian\u00e7as ficam encantadas e os adultos a cantar. Toda fam\u00edlia se diverte. Confesso que eu estava super ansiosa para passar meu primeiro Natal em Portugal. Ao mesmo tempo em que as \u00e1rvores est\u00e3o a se despir da colora\u00e7\u00e3o do outono e os galhos [&hellip;]<\/p>","protected":false},"author":1,"featured_media":5263,"comment_status":"open","ping_status":"open","sticky":false,"template":"","format":"standard","meta":{"footnotes":""},"categories":[26,2463],"tags":[2897,2359,2673],"class_list":["post-5262","post","type-post","status-publish","format-standard","has-post-thumbnail","hentry","category-europa","category-portugal","tag-natal","tag-onde-ir-no-natal","tag-porto"],"_links":{"self":[{"href":"https:\/\/crispelomundo.com.br\/es\/wp-json\/wp\/v2\/posts\/5262","targetHints":{"allow":["GET"]}}],"collection":[{"href":"https:\/\/crispelomundo.com.br\/es\/wp-json\/wp\/v2\/posts"}],"about":[{"href":"https:\/\/crispelomundo.com.br\/es\/wp-json\/wp\/v2\/types\/post"}],"author":[{"embeddable":true,"href":"https:\/\/crispelomundo.com.br\/es\/wp-json\/wp\/v2\/users\/1"}],"replies":[{"embeddable":true,"href":"https:\/\/crispelomundo.com.br\/es\/wp-json\/wp\/v2\/comments?post=5262"}],"version-history":[{"count":0,"href":"https:\/\/crispelomundo.com.br\/es\/wp-json\/wp\/v2\/posts\/5262\/revisions"}],"wp:featuredmedia":[{"embeddable":true,"href":"https:\/\/crispelomundo.com.br\/es\/wp-json\/wp\/v2\/media\/5263"}],"wp:attachment":[{"href":"https:\/\/crispelomundo.com.br\/es\/wp-json\/wp\/v2\/media?parent=5262"}],"wp:term":[{"taxonomy":"category","embeddable":true,"href":"https:\/\/crispelomundo.com.br\/es\/wp-json\/wp\/v2\/categories?post=5262"},{"taxonomy":"post_tag","embeddable":true,"href":"https:\/\/crispelomundo.com.br\/es\/wp-json\/wp\/v2\/tags?post=5262"}],"curies":[{"name":"wp","href":"https:\/\/api.w.org\/{rel}","templated":true}]}}