{"id":5875,"date":"2020-03-26T21:48:04","date_gmt":"2020-03-26T21:48:04","guid":{"rendered":"http:\/\/crispelomundo.com.br\/viseu-tudo-que-voce-deve-conhecer-na-cidade-de-viriato\/"},"modified":"2020-03-26T21:48:04","modified_gmt":"2020-03-26T21:48:04","slug":"viseu-tudo-que-voce-deve-conhecer-na-cidade-de-viriato","status":"publish","type":"post","link":"https:\/\/crispelomundo.com.br\/es\/viseu-todo-lo-que-necesita-saber-sobre-la-ciudad-de-viriato\/","title":{"rendered":"Viseu todo lo que necesitas saber"},"content":{"rendered":"<h2 class=\"wp-block-heading\">Viseu la ciudad de Viriato, el guerrero y padre de los portugueses<br><\/h2>\n\n\n\n<p>Adem\u00e1s, Viseu es un gran punto estrat\u00e9gico para quienes quieran descubrir m\u00e1s del pa\u00eds. Viseu est\u00e1 situado en el centro de Portugal.<\/p>\n\n\n\n<p>Otra gran raz\u00f3n es el vino. Viseu est\u00e1 en la regi\u00f3n de D\u00e3o, una delicia que s\u00f3lo conoc\u00ed aqu\u00ed en Portugal.<\/p>\n\n\n\n<iframe width=\"560\" height=\"315\" src=\"https:\/\/www.youtube.com\/embed\/fQxs0VlUeBg\" frameborder=\"0\" allow=\"accelerometer; autoplay; encrypted-media; gyroscope; picture-in-picture\" allowfullscreen><\/iframe>\n\n\n\n<p>Otro hecho interesante sobre Viseu es que el primer rey de Portugal pudo haber nacido en esta ciudad. As\u00ed es, cuenta la leyenda que Do\u00f1a Teresa, la madre de Don Afonso Henriques, se encontraba en Viseu cuando empez\u00f3 a tener dolores de parto y fue all\u00ed donde realmente naci\u00f3.<br> <br>De acuerdo, Guimar\u00e3es es indudablemente famoso, y es donde \"naci\u00f3 Portugal\", pero \u00bfnaci\u00f3 realmente el rey en Viseu? Bueno, si lo fue o no, no lo s\u00e9. Lo que s\u00ed s\u00e9 es que Viseu es la ciudad de Viriato, \u00a1el guerrero conocido como el padre de los lusitanos!  <\/p>\n\n\n\n<h4 class=\"wp-block-heading\"><strong>Viriato, el gran h\u00e9roe lusitano<\/strong><\/h4>\n\n\n\n<p>Pero, \u00bfqui\u00e9n es Viriato? Cuenta la leyenda que fue un gran guerrero y l\u00edder de los lusitanos. Algunos incluso dicen que Viriato es el padre de los lusitanos o incluso de los portugueses.<\/p>\n\n\n\n<p>La informaci\u00f3n que tenemos sobre \u00e9l no es muy segura, todo es mitad leyenda y mitad verdad, pero lo que s\u00ed sabemos es que vivi\u00f3 entre el 147 y el 139 a.C. y que fue decisivo en la guerra contra los romanos.<\/p>\n\n\n\n<div class=\"wp-block-image\"><figure class=\"aligncenter size-large\"><img decoding=\"async\" src=\"https:\/\/crispelomundo.com\/wp-content\/uploads\/2020\/03\/WhatsApp-Image-2020-03-26-at-20.13.41.jpg\" alt=\"CAVA DE VIRIATO VISEU \" class=\"wp-image-10387\" title=\"- Cris por el mundo\"><\/figure><\/div>\n\n\n\n<p><br> <br>Cuenta la leyenda que Viriato era un pastor con la fuerza de un guerrero y gran destreza con su bast\u00f3n.<\/p>\n\n\n\n<h4 class=\"wp-block-heading\">Cava de Viriato<\/h4>\n\n\n\n<p>A d\u00eda de hoy todav\u00eda se puede ver la Cava de Viriato, por supuesto son s\u00f3lo ruinas, pero se puede ver un poco de c\u00f3mo viv\u00edan los lusitanos.<br> <br>Se puede ver un poco de la fortaleza construida en la tierra, dispuesta en un oct\u00f3gono perfecto, que se ve mejor desde arriba debido a su enorme longitud.<\/p>\n\n\n\n<h4 class=\"wp-block-heading\"> Pero, \u00bfqui\u00e9nes eran los lusitanos?<\/h4>\n\n\n\n<p>Era el pueblo \u00edbero que viv\u00eda en lo que hoy es Portugal.<br> <br>Los romanos tardaron muchos a\u00f1os en conquistar los pueblos lusitanos, principalmente debido al liderazgo de Viriato, que acab\u00f3 siendo derrotado por una traici\u00f3n en la que fue literalmente apu\u00f1alado por la espalda. Nadie tuvo el valor de enfrentarse cara a cara con el gran Viriato.<\/p>\n\n\n\n<h4 class=\"wp-block-heading\">Catedral de Viseu<\/h4>\n\n\n\n<p>La Catedral de Viseu, como la mayor\u00eda de las grandes catedrales portuguesas, es una verdadera mara\u00f1a de \u00e9pocas e historias. En su fachada se pueden ver estilos de los siglos XII al XVII. En la actualidad, la arquitectura manierista ocupa el centro de la fachada.<\/p>\n\n\n\n<div class=\"wp-block-image\"><figure class=\"aligncenter size-large\"><img decoding=\"async\" src=\"https:\/\/crispelomundo.com\/wp-content\/uploads\/2020\/03\/image00001.jpg\" alt=\"SE DE VISEU \" class=\"wp-image-10389\" title=\"- Cris por el mundo\"><\/figure><\/div>\n\n\n\n<p>La Catedral de Viseu fue construida en la cima de la colina, no s\u00f3lo para mostrar su fuerza y poder, sino tambi\u00e9n para estar en un punto estrat\u00e9gico para ver la invasi\u00f3n de sus enemigos.<\/p>\n\n\n\n<h4 class=\"wp-block-heading\"><strong>Arte en la Catedral de Viseu<\/strong><\/h4>\n\n\n\n<p>T\u00f3mese su tiempo para contemplar los muros de la Catedral, \u00a1hay tantas obras de arte! Empieza por el claustro, donde hay tres muros de azulejos que merecen tu atenci\u00f3n.<br> <br>En la primera, San Teotonio, patr\u00f3n de la ciudad, bendice a Dom Afonso Henriques.<br> <br>La segunda y la tercera muestran dos escenas de la vida de Jes\u00fas: su nacimiento con los tres Reyes Magos y la huida de la Sagrada Familia.<br> <br>No olvide mirar el techo del interior de la iglesia. Podr\u00e1s ver las cuerdas con nudos mar\u00edtimos, con obras de arte t\u00edpicamente manuelinas.<\/p>\n\n\n\n<h4 class=\"wp-block-heading\"><strong>Relicario<\/strong><\/h4>\n\n\n\n<p>Dentro de la catedral tambi\u00e9n se puede ver el relicario de San Teotonio, donde un trozo del hueso real del brazo de San Teotonio descansa en un reposabrazos dorado.<br> <br>Pero, \u00bfqui\u00e9n era San Teotonio? Fue amigo y consejero de D. Afonso Henriques. Siempre estuvo a su lado en la lucha contra Castilla y en la independencia de Portugal.<br>Estuvo al lado de Afonso Henriques y en contra de do\u00f1a Teresa, que quer\u00eda que Portugal perteneciera a Castilla. Destac\u00f3 por ser una de las personas que m\u00e1s ayud\u00f3 a la causa de la independencia portuguesa. Tambi\u00e9n era amigo de San Bernardo de Claraval, uno de los fundadores y creadores de la orden de los Templarios, por lo que esta relaci\u00f3n de amistad tambi\u00e9n hizo que San Bernardo de Claraval se convirtiera en amigo de Dom Afonso Henriques.<br>San Bernardo de Claraval acab\u00f3 intercediendo ante el Papa por el proceso de independencia y comprensi\u00f3n de Portugal como pa\u00eds. En aquella \u00e9poca, s\u00f3lo la Iglesia reconoc\u00eda a un pa\u00eds y a una persona como rey independiente.<\/p>\n\n\n\n<h4 class=\"wp-block-heading\"> <strong>Iglesia de la Misericordia<\/strong><\/h4>\n\n\n\n<p>Justo enfrente de la Catedral de Viseu, podemos ver la Iglesia de la Misericordia, del siglo XVII, cuya funci\u00f3n en la \u00e9poca era cuidar de los menos favorecidos.<br> <br>Su arquitectura es completamente barroca, maravillosa y nos recuerda un poco a Brasil, \u00a1donde esta arquitectura es tan com\u00fan!<br> <br>Otra cosa agradable es que la Iglesia de la Misericordia y la Catedral est\u00e1n separadas s\u00f3lo por una plaza, lo que hace posible visitar ambas, tan cerca.<br> <br>No se pierda la vista desde el lateral de la iglesia, que es preciosa y desde donde se puede ver la ciudad desde lo alto.<\/p>\n\n\n\n<h4 class=\"wp-block-heading\"><strong>Museo Gr\u00e3o Vasco<\/strong><\/h4>\n\n\n\n<p>El Museo Gr\u00e3o Vasco debe su nombre a Vasco Fernandes.<\/p>\n\n\n\n<p>Vasco Fernandes fue un pintor del siglo XVI nacido en Viseu y conocido por sus obras renacentistas. Sigue siendo uno de los pintores m\u00e1s importantes de Portugal.<\/p>\n\n\n\n<div class=\"wp-block-image\"><figure class=\"aligncenter size-large\"><img decoding=\"async\" src=\"https:\/\/crispelomundo.com\/wp-content\/uploads\/2020\/03\/MUSEU-GRAO-VASCO-VISEU.jpg\" alt=\"MUSEO GRAO VASCO VISEU\" class=\"wp-image-10388\" title=\"- Cris por el mundo\"><\/figure><\/div>\n\n\n\n<p> <br>Adem\u00e1s de muchas de sus obras, el museo tambi\u00e9n incluye obras de otros pintores contempor\u00e1neos y piezas arqueol\u00f3gicas.<\/p>\n\n\n\n<h4 class=\"wp-block-heading\"><strong>Pi\u00e9rdase por las calles de Viseu<\/strong><\/h4>\n\n\n\n<p>Viseu es un lugar bonito para vivir y el centro hist\u00f3rico tiene un atractivo adicional con sus calles y casas empedradas.<\/p>\n\n\n\n<p>Preste atenci\u00f3n a los detalles y comience su paseo por la Rua Direita, la principal calle comercial. Pues no hay nada correcto en esta calle, est\u00e1 llena de subidas, bajadas y curvas.<br>La costumbre portuguesa es llamar calle derecha a la calle menos recta que hay, que en realidad es una calle muy torcida.<\/p>\n\n\n\n<figure class=\"wp-block-image size-large\"><img decoding=\"async\" src=\"https:\/\/crispelomundo.com\/wp-content\/uploads\/2020\/03\/20200205_142611-1.jpg\" alt=\"CALLES DE VISEU\" class=\"wp-image-10392\" title=\"- Cris por el mundo\"><\/figure>\n\n\n\n<p><br>Otra curiosidad est\u00e1 en el suelo, presta mucha atenci\u00f3n y ver\u00e1s muchos dibujos, pero \u00bfqu\u00e9 podr\u00edan ser? No pude contener mi curiosidad y acab\u00e9 preguntando a los lugare\u00f1os. Son simplemente dibujos de las calles perpendiculares, por ejemplo: si hay una carqueja es porque hay una calle carqueja.<\/p>\n\n\n\n<div class=\"wp-block-image\"><figure class=\"aligncenter size-large\"><img decoding=\"async\" src=\"https:\/\/crispelomundo.com\/wp-content\/uploads\/2020\/03\/VISEU-210-2.jpg\" alt=\"- Cris por el mundo\" class=\"wp-image-10390\" title=\"- Cris por el mundo\"><\/figure><\/div>\n\n\n\n<h4 class=\"wp-block-heading\"><strong>Feria de S\u00e3o\nFeria Mateus - Fiesta popular de Viseu<\/strong><\/h4>\n\n\n\n<p>Justo enfrente de la estatua de Viriato se encuentra el campo de Viriato, donde se celebra la Feria de San Mateo.<br> <br> Es la feria m\u00e1s importante de la ciudad y piensa que \u00a1hay m\u00e1s! En 2020 la feria cumple \u00a1\u00a1\u00a1628 a\u00f1os!!! Pero no vayas pensando que es una fiesta religiosa, a pesar de su nombre, la fiesta re\u00fane espect\u00e1culos, mucha comida y \u00a1\u00a1\u00a1hasta un parque de atracciones!!! Se celebra cada a\u00f1o entre agosto y septiembre.<br><\/p>\n\n\n\n<h4 class=\"wp-block-heading\">Viseu nos sorprendi\u00f3<\/h4>\n\n\n\n<p>Viseu me encant\u00f3 y result\u00f3 ser una ciudad sorprendente con sus historias de guerreros y reyes. <br>Por desgracia, no llegu\u00e9 a probar el famoso dulce de la ciudad, el dulce Viriato, pero es una excusa para volver. <\/p>\n\n\n\n<div class=\"wp-block-image\"><figure class=\"aligncenter size-large\"><img decoding=\"async\" src=\"https:\/\/crispelomundo.com\/wp-content\/uploads\/2020\/03\/VISEU-.jpg\" alt=\"- Cris por el mundo\" class=\"wp-image-10394\" title=\"- Cris por el mundo\"><\/figure><\/div>\n\n\n\n<p>Con cada ciudad que visito aqu\u00ed, tengo la certeza de que el pa\u00eds es encantador y salido directamente de un cuento de hadas.<\/p>\n\n\n\n<h6 class=\"wp-block-heading\">Las fotos de este texto fueron tomadas por el fot\u00f3grafo <a rel=\"noreferrer noopener\" aria-label=\"M\u00e1rcia Rocha (se abre en una nueva pesta\u00f1a)\" href=\"https:\/\/www.instagram.com\/marciarochafotografa\/\" target=\"_blank\">M\u00e1rcia Rocha <\/a><\/h6>\n\n\n\n<h6 class=\"wp-block-heading\">Realizamos este viaje con el apoyo de <a href=\"https:\/\/yourtours.pt\/pt-pt\" target=\"_blank\" rel=\"noreferrer noopener\" aria-label=\"Your Tours Portugal (se abre en una nueva pesta\u00f1a)\">Your Tours Portugal<\/a><\/h6>\n\n\n\n<h5 class=\"wp-block-heading\">No deje de seguirnos en&nbsp;<a rel=\"noreferrer noopener\" href=\"https:\/\/www.instagram.com\/crispelomundo\/\" target=\"_blank\">Instagram<\/a>&nbsp;\u00a1y disfruta de todos nuestros viajes en tiempo real! Mientras tanto, no te olvides de nuestro&nbsp;<a rel=\"noreferrer noopener\" href=\"https:\/\/www.youtube.com.br\/crispelomundo\" target=\"_blank\">YouTube<\/a>&nbsp; hay muchos consejos y viajes interesantes. Y por supuesto por&nbsp;<a href=\"http:\/\/www.cripelomundo.com\/\" target=\"_blank\" rel=\"noreferrer noopener\">aqu\u00ed<\/a>&nbsp;siempre le traeremos noticias<\/h5>\n\n\n\n<p>Lea tambi\u00e9n:<\/p>\n\n\n\n<p><a rel=\"noreferrer noopener\" href=\"https:\/\/crispelomundo.com\/o-que-fazer-em-braga\/\" target=\"_blank\">Braga, la ciudad romana portuguesa<br><\/a><br><a rel=\"noreferrer noopener\" href=\"https:\/\/crispelomundo.com\/fundao-e-as-cerejas-portuguesas-roteiro-festival\/\" target=\"_blank\">Fund\u00e3o - Un delicioso paseo por el centro de Portugal<\/a><br><br><a rel=\"noreferrer noopener\" href=\"https:\/\/crispelomundo.com\/douro-verde\/\" target=\"_blank\">El Duero Verde, tierra f\u00e9rtil de literatura<br><\/a><br><a rel=\"noreferrer noopener\" href=\"https:\/\/crispelomundo.com\/serra-da-estrela\/\" target=\"_blank\">M\u00e1s all\u00e1 de la Serra da Estrela<\/a><br><br><a href=\"https:\/\/crispelomundo.com\/o-que-fazer-no-porto-com-um-roteiro-completo-seu-guia-na-cidade\/\" target=\"_blank\" rel=\"noreferrer noopener\" aria-label=\"Gu\u00eda completa de Oporto (se abre en una nueva pesta\u00f1a)\">Oporto Gu\u00eda completa de la ciudad<br><\/a><\/p>","protected":false},"excerpt":{"rendered":"<p>Viseu a cidade de Viriato, o guerreiro e pai dos portugueses Al\u00e9m disso, Viseu \u00e9 um \u00f3timo ponto estrat\u00e9gico para quem quer conhecer mais do pa\u00eds. Viseu fica bem na regi\u00e3o central, exatamente no cora\u00e7\u00e3o de Portugal. Outro motivo muito bom \u00e9 o vinho! Viseu fica na regi\u00e3o do D\u00e3o, uma del\u00edcia que eu s\u00f3 [&hellip;]<\/p>","protected":false},"author":1,"featured_media":5876,"comment_status":"open","ping_status":"open","sticky":false,"template":"","format":"standard","meta":{"footnotes":""},"categories":[26,2463],"tags":[],"class_list":["post-5875","post","type-post","status-publish","format-standard","has-post-thumbnail","hentry","category-europa","category-portugal"],"_links":{"self":[{"href":"https:\/\/crispelomundo.com.br\/es\/wp-json\/wp\/v2\/posts\/5875","targetHints":{"allow":["GET"]}}],"collection":[{"href":"https:\/\/crispelomundo.com.br\/es\/wp-json\/wp\/v2\/posts"}],"about":[{"href":"https:\/\/crispelomundo.com.br\/es\/wp-json\/wp\/v2\/types\/post"}],"author":[{"embeddable":true,"href":"https:\/\/crispelomundo.com.br\/es\/wp-json\/wp\/v2\/users\/1"}],"replies":[{"embeddable":true,"href":"https:\/\/crispelomundo.com.br\/es\/wp-json\/wp\/v2\/comments?post=5875"}],"version-history":[{"count":0,"href":"https:\/\/crispelomundo.com.br\/es\/wp-json\/wp\/v2\/posts\/5875\/revisions"}],"wp:featuredmedia":[{"embeddable":true,"href":"https:\/\/crispelomundo.com.br\/es\/wp-json\/wp\/v2\/media\/5876"}],"wp:attachment":[{"href":"https:\/\/crispelomundo.com.br\/es\/wp-json\/wp\/v2\/media?parent=5875"}],"wp:term":[{"taxonomy":"category","embeddable":true,"href":"https:\/\/crispelomundo.com.br\/es\/wp-json\/wp\/v2\/categories?post=5875"},{"taxonomy":"post_tag","embeddable":true,"href":"https:\/\/crispelomundo.com.br\/es\/wp-json\/wp\/v2\/tags?post=5875"}],"curies":[{"name":"wp","href":"https:\/\/api.w.org\/{rel}","templated":true}]}}