{"id":3774,"date":"2017-06-12T01:48:12","date_gmt":"2017-06-12T01:48:12","guid":{"rendered":"http:\/\/crispelomundo.com.br\/final-de-semana-em-teresopolis\/"},"modified":"2017-06-12T01:48:12","modified_gmt":"2017-06-12T01:48:12","slug":"final-de-semana-em-teresopolis","status":"publish","type":"post","link":"https:\/\/crispelomundo.com.br\/fr\/week-end-a-teresopolis\/","title":{"rendered":"Week-end \u00e0 Teres\u00f3polis avec des blogueurs !"},"content":{"rendered":"<h2><span style=\"color: #ff6600;\">5\u00e8me r\u00e9union des voyageurs Intrip.<\/span><\/h2>\n<p>Du 2 au 4 juin, nous nous sommes rendus \u00e0 Teres\u00f3polis pour participer au 5\u00e8me Encontro de Viajantes do <a href=\"http:\/\/intrip.com.br\/\" target=\"_blank\" rel=\"noopener\">INTRIP.<\/a><br \/>\nC'\u00e9tait un grand plaisir de pouvoir participer \u00e0 cet \u00e9v\u00e9nement et un grand honneur d'y \u00eatre invit\u00e9 !<br \/>\nDe notre c\u00f4t\u00e9, nous avions 16 autres blogs qui sont parmi les meilleurs du BRESIL !<br \/>\nBien s\u00fbr, tous les meilleurs n'ont pas pu \u00eatre pr\u00e9sents pour diverses raisons, mais ils figurent tous sur cette liste.<\/p>\n<p><img fetchpriority=\"high\" decoding=\"async\" class=\"aligncenter size-large wp-image-5889\" src=\"http:\/\/crispelomundo.com\/wp-content\/uploads\/2017\/06\/Encontro-de-Viajantes-em-Teres\u00f3polis-Cris-Stilben-Cris-pelo-Mundo-4-1024x576.jpg\" alt=\"Rencontre de voyageurs \u00e0 Teres\u00f3polis Cris Stilben Cris autour du monde (4)\" width=\"640\" height=\"360\" title=\"- Cris autour du monde\"><\/p>\n<p>La r\u00e9union \u00e9tait organis\u00e9e par F\u00e1bio Lima, fondateur d'INTRIP, un site web consacr\u00e9 au tourisme d'exp\u00e9rience !<br \/>\nNous avions d\u00e9j\u00e0 particip\u00e9 \u00e0 d'autres \u00e9v\u00e9nements et r\u00e9unions qu'il avait organis\u00e9s et je n'ai qu'une chose \u00e0 dire : nous avions h\u00e2te d'y \u00eatre ! De bonnes choses allaient certainement en r\u00e9sulter.<\/p>\n<h4><span style=\"color: #ff6600;\">Un week-end entier \u00e0 Teres\u00f3polis<\/span><\/h4>\n<p>Nous nous sommes retrouv\u00e9s \u00e0 l'a\u00e9roport Santos Drummond et nous sommes tous mont\u00e9s dans le bus qui nous a accompagn\u00e9s jusqu'au retour.<br \/>\nEn moyenne, il faut une heure et trente minutes pour parcourir les 96 km qui s\u00e9parent Rio de Teres\u00f3polis, mais cette fois-ci, le trafic nous a permis de rester sur la route un peu plus longtemps.<\/p>\n<p><img decoding=\"async\" class=\"aligncenter size-large wp-image-5890\" src=\"http:\/\/crispelomundo.com\/wp-content\/uploads\/2017\/06\/Encontro-de-Viajantes-em-Teres\u00f3polis-Cris-Stilben-Cris-pelo-Mundo-9-1024x576.jpg\" alt=\"Rencontre de voyageurs \u00e0 Teres\u00f3polis Cris Stilben Cris autour du monde (9)\" width=\"640\" height=\"360\" title=\"- Cris autour du monde\"><\/p>\n<p>Heureusement, le bus \u00e9tait tr\u00e8s confortable et Igor, le petit dernier et moi-m\u00eame avons pu faire une sieste et arriver \u00e0 Teres\u00f3polis bien repos\u00e9s.<\/p>\n<h4><span style=\"color: #ff6600;\">Ouverture de la r\u00e9union<\/span><\/h4>\n<p>Nous sommes arriv\u00e9s directement \u00e0 la Pousada o\u00f9 nous allions s\u00e9journer, tout \u00e0 fait magnifique et charmante.<br \/>\nMais nous nous sommes content\u00e9s de nous enregistrer, de laisser nos affaires et de nous pr\u00e9cipiter vers l'activit\u00e9 suivante.<\/p>\n<p><img decoding=\"async\" class=\"aligncenter size-large wp-image-5891\" src=\"http:\/\/crispelomundo.com\/wp-content\/uploads\/2017\/06\/Don-Phillipe-Gastronomia-Crisstilben-Cris-pelo-Mundo-Encontro-de-Viajantes-em-Teres\u00f3polis-111-1024x576.jpg\" alt=\"Don Phillipe Gastronomie Crisstilben Cris pelo Mundo R\u00e9union de voyageurs \u00e0 Teres\u00f3polis (11)1\" width=\"640\" height=\"360\" title=\"- Cris autour du monde\"><\/p>\n<p>L'\u00e9v\u00e9nement d'ouverture de la r\u00e9union devait avoir lieu au cours d'un d\u00eener, et ils avaient tri\u00e9 sur le volet les bonnes personnes pour nous permettre de partir du bon pied.<br \/>\nD\u00e8s que nous sommes entr\u00e9s, nous avons vu nos si\u00e8ges marqu\u00e9s par des panneaux, un prospectus sur l'\u00e9v\u00e9nement et une g\u00e2terie super mignonne, une d\u00e9licieuse brioche au miel de la part de <a href=\"https:\/\/www.facebook.com\/docemariasbr\/\" target=\"_blank\" rel=\"noopener\">Marias douces<\/a>! Un r\u00e9gal et une autre surprise lorsque nous l'avons ouvert, un beau message personnalis\u00e9 pour chaque voyageur de la table.<br \/>\nNous \u00e9tions ravis et ce n'\u00e9tait que le d\u00e9but de trois jours d'activit\u00e9s, quelle surprise !<br \/>\nLe d\u00eener a eu lieu \u00e0 Don Phillipe Gastronomia, une d\u00e9licieuse trattoria avec des p\u00e2tes faites \u00e0 la main et une saveur imbattable !<\/p>\n<h4><span style=\"color: #ff6600;\">Don Phillipe Gastronomie<\/span><\/h4>\n<p>Une ambiance tr\u00e8s charmante et cosy, j'ai \u00e9t\u00e9 s\u00e9duite d\u00e8s l'entr\u00e9e.<br \/>\nO <a href=\"http:\/\/www.donphillipe.com.br\/\" target=\"_blank\" rel=\"noopener\">Don Philippe Gastronomie<\/a> se trouve dans le quartier de V\u00e1rzea, tr\u00e8s proche du centre et facile d'acc\u00e8s.<br \/>\nNous sommes arriv\u00e9s, nous nous sommes install\u00e9s et les pizzas ont commenc\u00e9 \u00e0 arriver !<\/p>\n<p><img loading=\"lazy\" decoding=\"async\" class=\"aligncenter size-large wp-image-5892\" src=\"http:\/\/crispelomundo.com\/wp-content\/uploads\/2017\/06\/Don-Phillipe-Gastronomia-Crisstilben-Cris-pelo-Mundo-Encontro-de-Viajantes-em-Teres\u00f3polis-9-1024x576.jpg\" alt=\"Don Phillipe Gastronomie Crisstilben Cris pelo Mundo Rencontre de voyageurs \u00e0 Teres\u00f3polis (9)\" width=\"640\" height=\"360\" title=\"- Cris autour du monde\"><\/p>\n<p>Oubliez l'id\u00e9e d'une simple rotation de pizzas aux saveurs traditionnelles.<br \/>\nUne p\u00e2te fine et une explosion en bouche, c'est ce que vous trouverez, il a \u00e9t\u00e9 tr\u00e8s difficile de choisir la meilleure saveur sal\u00e9e.<br \/>\nLes p\u00e2tes ont \u00e9galement \u00e9t\u00e9 un point fort du d\u00eener, avec une belle pr\u00e9sentation !<\/p>\n<div id='gallery-1' class='gallery galleryid-3774 gallery-columns-3 gallery-size-large'><figure class='gallery-item'>\n\t\t\t<div class='gallery-icon landscape'>\n\t\t\t\t<a href=\"https:\/\/crispelomundo.com.br\/fr\/week-end-a-teresopolis\/don-phillipe-gastronomia-crisstilben-cris-pelo-mundo-encontro-de-viajantes-em-teresopolis-121\/\"><img loading=\"lazy\" decoding=\"async\" width=\"1024\" height=\"1024\" src=\"https:\/\/crispelomundo.com.br\/wp-content\/uploads\/2022\/03\/Don-Phillipe-Gastronomia-Crisstilben-Cris-pelo-Mundo-Encontro-de-Viajantes-em-Teresopolis-121-1024x1024.jpg\" class=\"attachment-large size-large\" alt=\"Don Phillipe Gastronomie Crisstilben Cris pelo Mundo Rencontre de voyageurs \u00e0 Teres\u00f3polis (9)\" srcset=\"https:\/\/crispelomundo.com.br\/wp-content\/uploads\/2022\/03\/Don-Phillipe-Gastronomia-Crisstilben-Cris-pelo-Mundo-Encontro-de-Viajantes-em-Teresopolis-121-1024x1024.jpg 1024w, https:\/\/crispelomundo.com.br\/wp-content\/uploads\/2022\/03\/Don-Phillipe-Gastronomia-Crisstilben-Cris-pelo-Mundo-Encontro-de-Viajantes-em-Teresopolis-121-300x300.jpg 300w, https:\/\/crispelomundo.com.br\/wp-content\/uploads\/2022\/03\/Don-Phillipe-Gastronomia-Crisstilben-Cris-pelo-Mundo-Encontro-de-Viajantes-em-Teresopolis-121-100x100.jpg 100w, https:\/\/crispelomundo.com.br\/wp-content\/uploads\/2022\/03\/Don-Phillipe-Gastronomia-Crisstilben-Cris-pelo-Mundo-Encontro-de-Viajantes-em-Teresopolis-121-150x150.jpg 150w, https:\/\/crispelomundo.com.br\/wp-content\/uploads\/2022\/03\/Don-Phillipe-Gastronomia-Crisstilben-Cris-pelo-Mundo-Encontro-de-Viajantes-em-Teresopolis-121-768x768.jpg 768w\" sizes=\"(max-width: 1024px) 100vw, 1024px\" title=\"- Cris autour du monde\"><\/a>\n\t\t\t<\/div><\/figure><figure class='gallery-item'>\n\t\t\t<div class='gallery-icon landscape'>\n\t\t\t\t<a href=\"https:\/\/crispelomundo.com.br\/fr\/week-end-a-teresopolis\/don-phillipe-gastronomia-crisstilben-cris-pelo-mundo-encontro-de-viajantes-em-teresopolis-7\/\"><img loading=\"lazy\" decoding=\"async\" width=\"1024\" height=\"1024\" src=\"https:\/\/crispelomundo.com.br\/wp-content\/uploads\/2022\/03\/Don-Phillipe-Gastronomia-Crisstilben-Cris-pelo-Mundo-Encontro-de-Viajantes-em-Teresopolis-7-1024x1024.jpg\" class=\"attachment-large size-large\" alt=\"Don Phillipe Gastronomie Crisstilben Cris pelo Mundo Rencontre de voyageurs \u00e0 Teres\u00f3polis (9)\" srcset=\"https:\/\/crispelomundo.com.br\/wp-content\/uploads\/2022\/03\/Don-Phillipe-Gastronomia-Crisstilben-Cris-pelo-Mundo-Encontro-de-Viajantes-em-Teresopolis-7-1024x1024.jpg 1024w, https:\/\/crispelomundo.com.br\/wp-content\/uploads\/2022\/03\/Don-Phillipe-Gastronomia-Crisstilben-Cris-pelo-Mundo-Encontro-de-Viajantes-em-Teresopolis-7-300x300.jpg 300w, https:\/\/crispelomundo.com.br\/wp-content\/uploads\/2022\/03\/Don-Phillipe-Gastronomia-Crisstilben-Cris-pelo-Mundo-Encontro-de-Viajantes-em-Teresopolis-7-100x100.jpg 100w, https:\/\/crispelomundo.com.br\/wp-content\/uploads\/2022\/03\/Don-Phillipe-Gastronomia-Crisstilben-Cris-pelo-Mundo-Encontro-de-Viajantes-em-Teresopolis-7-150x150.jpg 150w, https:\/\/crispelomundo.com.br\/wp-content\/uploads\/2022\/03\/Don-Phillipe-Gastronomia-Crisstilben-Cris-pelo-Mundo-Encontro-de-Viajantes-em-Teresopolis-7-768x768.jpg 768w\" sizes=\"(max-width: 1024px) 100vw, 1024px\" title=\"- Cris autour du monde\"><\/a>\n\t\t\t<\/div><\/figure><figure class='gallery-item'>\n\t\t\t<div class='gallery-icon landscape'>\n\t\t\t\t<a href=\"https:\/\/crispelomundo.com.br\/fr\/week-end-a-teresopolis\/don-phillipe-gastronomia-crisstilben-cris-pelo-mundo-encontro-de-viajantes-em-teresopolis-101\/\"><img loading=\"lazy\" decoding=\"async\" width=\"1024\" height=\"1024\" src=\"https:\/\/crispelomundo.com.br\/wp-content\/uploads\/2022\/03\/Don-Phillipe-Gastronomia-Crisstilben-Cris-pelo-Mundo-Encontro-de-Viajantes-em-Teresopolis-101-1024x1024.jpg\" class=\"attachment-large size-large\" alt=\"Don Phillipe Gastronomie Crisstilben Cris pelo Mundo Rencontre de voyageurs \u00e0 Teres\u00f3polis (9)\" srcset=\"https:\/\/crispelomundo.com.br\/wp-content\/uploads\/2022\/03\/Don-Phillipe-Gastronomia-Crisstilben-Cris-pelo-Mundo-Encontro-de-Viajantes-em-Teresopolis-101-1024x1024.jpg 1024w, https:\/\/crispelomundo.com.br\/wp-content\/uploads\/2022\/03\/Don-Phillipe-Gastronomia-Crisstilben-Cris-pelo-Mundo-Encontro-de-Viajantes-em-Teresopolis-101-300x300.jpg 300w, https:\/\/crispelomundo.com.br\/wp-content\/uploads\/2022\/03\/Don-Phillipe-Gastronomia-Crisstilben-Cris-pelo-Mundo-Encontro-de-Viajantes-em-Teresopolis-101-100x100.jpg 100w, https:\/\/crispelomundo.com.br\/wp-content\/uploads\/2022\/03\/Don-Phillipe-Gastronomia-Crisstilben-Cris-pelo-Mundo-Encontro-de-Viajantes-em-Teresopolis-101-150x150.jpg 150w, https:\/\/crispelomundo.com.br\/wp-content\/uploads\/2022\/03\/Don-Phillipe-Gastronomia-Crisstilben-Cris-pelo-Mundo-Encontro-de-Viajantes-em-Teresopolis-101-768x768.jpg 768w\" sizes=\"(max-width: 1024px) 100vw, 1024px\" title=\"- Cris autour du monde\"><\/a>\n\t\t\t<\/div><\/figure>\n\t\t<\/div>\n\n<p>Si vous pensez que vous ne pouvez plus \u00eatre surpris, attendez les saveurs sucr\u00e9es ! KINDER EGG PIZZA !!!! S\u00e9rieusement la meilleure pizza sucr\u00e9e que j'ai jamais mang\u00e9e de ma vie !!!<\/p>\n<h4><span style=\"color: #ff6600;\">Route de la bi\u00e8re<\/span><\/h4>\n<p>Il ne fait aucun doute dans mon esprit que je ferai l'ascension de la montagne juste pour aller \u00e0 cette pizzeria.<\/p>\n<p><img loading=\"lazy\" decoding=\"async\" class=\"aligncenter size-large wp-image-5896\" src=\"http:\/\/crispelomundo.com\/wp-content\/uploads\/2017\/06\/Don-Phillipe-Gastronomia-Crisstilben-Cris-pelo-Mundo-Encontro-de-Viajantes-em-Teres\u00f3polis-8-1024x683.jpg\" alt=\"Don Phillipe Gastronomie Crisstilben Cris pelo Mundo Rencontre de voyageurs \u00e0 Teres\u00f3polis (9)\" width=\"640\" height=\"427\" title=\"- Cris autour du monde\"><\/p>\n<p>Pour les boissons, ce sont les gens de Rota Cervejeira do Rio qui ont \u00e9t\u00e9 \u00e0 l'honneur ! Bien s\u00fbr, la bi\u00e8re de Therez\u00f3polis ne pouvait pas manquer \u00e0 l'appel, mais j'ai aussi beaucoup aim\u00e9 la Magna Pils de Bohemia.<\/p>\n<div id='gallery-2' class='gallery galleryid-3774 gallery-columns-2 gallery-size-large'><figure class='gallery-item'>\n\t\t\t<div class='gallery-icon landscape'>\n\t\t\t\t<a href=\"https:\/\/crispelomundo.com.br\/fr\/week-end-a-teresopolis\/don-phillipe-gastronomia-crisstilben-cris-pelo-mundo-encontro-de-viajantes-em-teresopolis-10\/\"><img loading=\"lazy\" decoding=\"async\" width=\"1024\" height=\"1024\" src=\"https:\/\/crispelomundo.com.br\/wp-content\/uploads\/2022\/03\/Don-Phillipe-Gastronomia-Crisstilben-Cris-pelo-Mundo-Encontro-de-Viajantes-em-Teresopolis-10-1024x1024.jpg\" class=\"attachment-large size-large\" alt=\"Don Phillipe Gastronomie Crisstilben Cris pelo Mundo Rencontre de voyageurs \u00e0 Teres\u00f3polis (9)\" srcset=\"https:\/\/crispelomundo.com.br\/wp-content\/uploads\/2022\/03\/Don-Phillipe-Gastronomia-Crisstilben-Cris-pelo-Mundo-Encontro-de-Viajantes-em-Teresopolis-10-1024x1024.jpg 1024w, https:\/\/crispelomundo.com.br\/wp-content\/uploads\/2022\/03\/Don-Phillipe-Gastronomia-Crisstilben-Cris-pelo-Mundo-Encontro-de-Viajantes-em-Teresopolis-10-300x300.jpg 300w, https:\/\/crispelomundo.com.br\/wp-content\/uploads\/2022\/03\/Don-Phillipe-Gastronomia-Crisstilben-Cris-pelo-Mundo-Encontro-de-Viajantes-em-Teresopolis-10-100x100.jpg 100w, https:\/\/crispelomundo.com.br\/wp-content\/uploads\/2022\/03\/Don-Phillipe-Gastronomia-Crisstilben-Cris-pelo-Mundo-Encontro-de-Viajantes-em-Teresopolis-10-150x150.jpg 150w, https:\/\/crispelomundo.com.br\/wp-content\/uploads\/2022\/03\/Don-Phillipe-Gastronomia-Crisstilben-Cris-pelo-Mundo-Encontro-de-Viajantes-em-Teresopolis-10-768x768.jpg 768w\" sizes=\"(max-width: 1024px) 100vw, 1024px\" title=\"- Cris autour du monde\"><\/a>\n\t\t\t<\/div><\/figure><figure class='gallery-item'>\n\t\t\t<div class='gallery-icon landscape'>\n\t\t\t\t<a href=\"https:\/\/crispelomundo.com.br\/fr\/week-end-a-teresopolis\/don-phillipe-gastronomia-crisstilben-cris-pelo-mundo-encontro-de-viajantes-em-teresopolis-11\/\"><img loading=\"lazy\" decoding=\"async\" width=\"1024\" height=\"1024\" src=\"https:\/\/crispelomundo.com.br\/wp-content\/uploads\/2022\/03\/Don-Phillipe-Gastronomia-Crisstilben-Cris-pelo-Mundo-Encontro-de-Viajantes-em-Teresopolis-11-1024x1024.jpg\" class=\"attachment-large size-large\" alt=\"Don Phillipe Gastronomie Crisstilben Cris pelo Mundo Rencontre de voyageurs \u00e0 Teres\u00f3polis (9)\" srcset=\"https:\/\/crispelomundo.com.br\/wp-content\/uploads\/2022\/03\/Don-Phillipe-Gastronomia-Crisstilben-Cris-pelo-Mundo-Encontro-de-Viajantes-em-Teresopolis-11-1024x1024.jpg 1024w, https:\/\/crispelomundo.com.br\/wp-content\/uploads\/2022\/03\/Don-Phillipe-Gastronomia-Crisstilben-Cris-pelo-Mundo-Encontro-de-Viajantes-em-Teresopolis-11-300x300.jpg 300w, https:\/\/crispelomundo.com.br\/wp-content\/uploads\/2022\/03\/Don-Phillipe-Gastronomia-Crisstilben-Cris-pelo-Mundo-Encontro-de-Viajantes-em-Teresopolis-11-100x100.jpg 100w, https:\/\/crispelomundo.com.br\/wp-content\/uploads\/2022\/03\/Don-Phillipe-Gastronomia-Crisstilben-Cris-pelo-Mundo-Encontro-de-Viajantes-em-Teresopolis-11-150x150.jpg 150w, https:\/\/crispelomundo.com.br\/wp-content\/uploads\/2022\/03\/Don-Phillipe-Gastronomia-Crisstilben-Cris-pelo-Mundo-Encontro-de-Viajantes-em-Teresopolis-11-768x768.jpg 768w\" sizes=\"(max-width: 1024px) 100vw, 1024px\" title=\"- Cris autour du monde\"><\/a>\n\t\t\t<\/div><\/figure>\n\t\t<\/div>\n\n<p>Ce fut une soir\u00e9e tout \u00e0 fait agr\u00e9able, avec beaucoup de rencontres et de rires, mais il \u00e9tait temps de rentrer \u00e0 la Pousada, car le lendemain promettait bien d'autres surprises !<\/p>\n<h4><span style=\"color: #ff6600;\">Pousada Ter\u00ea Parque.<\/span><\/h4>\n<p>Nous y sommes ! Repos\u00e9s et \u00e0 la lumi\u00e8re du jour, nous avons pu nous rendre compte de la beaut\u00e9 de l'endroit.<br \/>\nSpacieux et avec le bruit des animaux partout, nous avons \u00e9t\u00e9 r\u00e9veill\u00e9s par des aras ! Une d\u00e9licieuse brise nous a \u00e9galement balay\u00e9 le visage, nous rappelant que nous \u00e9tions dans les montagnes.<\/p>\n<p><img loading=\"lazy\" decoding=\"async\" class=\"aligncenter size-large wp-image-5899\" src=\"http:\/\/crispelomundo.com\/wp-content\/uploads\/2017\/06\/Pousda-Ter\u00ea-Parque-Cris-Stilben-Cris-pelo-Mundo-Encontro-de-Viajantes-em-Teres\u00f3polis-35-1024x576.jpg\" alt=\"Pousda Ter\u00ea Parque Cris Stilben Cris autour du monde Rencontre de voyageurs \u00e0 Teres\u00f3polis (35)\" width=\"640\" height=\"360\" title=\"- Cris autour du monde\"><\/p>\n<p>C'est tellement beau, mon petit a couru vers le caf\u00e9 avec une joie infinie ! La verdure et l'espace, c'est ce qu'il pr\u00e9f\u00e8re et il y avait une petite ferme, qu'est-ce qu'il voulait de plus ?<\/p>\n<h6><span style=\"color: #ff6600;\">Petite ferme<\/span><\/h6>\n<p>Il adore les animaux et, avant le caf\u00e9, nous avons \u00e9t\u00e9 invit\u00e9s \u00e0 visiter la petite ferme, o\u00f9 il a couru apr\u00e8s les poules, vu le lapin et l'a c\u00e2lin\u00e9.<br \/>\nOups, mais il y a encore un animal, vous avez donc rencontr\u00e9 le cochon d'Inde, la nouvelle star du week-end.<\/p>\n<div id='gallery-3' class='gallery galleryid-3774 gallery-columns-3 gallery-size-large'><figure class='gallery-item'>\n\t\t\t<div class='gallery-icon landscape'>\n\t\t\t\t<a href=\"https:\/\/crispelomundo.com.br\/fr\/week-end-a-teresopolis\/encontro-de-viajantes-em-teresopolis-47\/\"><img loading=\"lazy\" decoding=\"async\" width=\"1024\" height=\"1024\" src=\"https:\/\/crispelomundo.com.br\/wp-content\/uploads\/2022\/03\/Encontro-de-Viajantes-em-Teresopolis-47-1024x1024.jpg\" class=\"attachment-large size-large\" alt=\"Pousda Ter\u00ea Parque Cris Stilben Cris autour du monde Rencontre de voyageurs \u00e0 Teres\u00f3polis (35)\" srcset=\"https:\/\/crispelomundo.com.br\/wp-content\/uploads\/2022\/03\/Encontro-de-Viajantes-em-Teresopolis-47-1024x1024.jpg 1024w, https:\/\/crispelomundo.com.br\/wp-content\/uploads\/2022\/03\/Encontro-de-Viajantes-em-Teresopolis-47-300x300.jpg 300w, https:\/\/crispelomundo.com.br\/wp-content\/uploads\/2022\/03\/Encontro-de-Viajantes-em-Teresopolis-47-100x100.jpg 100w, https:\/\/crispelomundo.com.br\/wp-content\/uploads\/2022\/03\/Encontro-de-Viajantes-em-Teresopolis-47-150x150.jpg 150w, https:\/\/crispelomundo.com.br\/wp-content\/uploads\/2022\/03\/Encontro-de-Viajantes-em-Teresopolis-47-768x768.jpg 768w\" sizes=\"(max-width: 1024px) 100vw, 1024px\" title=\"- Cris autour du monde\"><\/a>\n\t\t\t<\/div><\/figure><figure class='gallery-item'>\n\t\t\t<div class='gallery-icon landscape'>\n\t\t\t\t<a href=\"https:\/\/crispelomundo.com.br\/fr\/week-end-a-teresopolis\/pousda-tere-parque-cris-stilben-cris-pelo-mundo-encontro-de-viajantes-em-teresopolis-37\/\"><img loading=\"lazy\" decoding=\"async\" width=\"1024\" height=\"1024\" src=\"https:\/\/crispelomundo.com.br\/wp-content\/uploads\/2022\/03\/Pousda-Tere-Parque-Cris-Stilben-Cris-pelo-Mundo-Encontro-de-Viajantes-em-Teresopolis-37-1024x1024.jpg\" class=\"attachment-large size-large\" alt=\"Pousda Ter\u00ea Parque Cris Stilben Cris autour du monde Rencontre de voyageurs \u00e0 Teres\u00f3polis (35)\" srcset=\"https:\/\/crispelomundo.com.br\/wp-content\/uploads\/2022\/03\/Pousda-Tere-Parque-Cris-Stilben-Cris-pelo-Mundo-Encontro-de-Viajantes-em-Teresopolis-37-1024x1024.jpg 1024w, https:\/\/crispelomundo.com.br\/wp-content\/uploads\/2022\/03\/Pousda-Tere-Parque-Cris-Stilben-Cris-pelo-Mundo-Encontro-de-Viajantes-em-Teresopolis-37-300x300.jpg 300w, https:\/\/crispelomundo.com.br\/wp-content\/uploads\/2022\/03\/Pousda-Tere-Parque-Cris-Stilben-Cris-pelo-Mundo-Encontro-de-Viajantes-em-Teresopolis-37-100x100.jpg 100w, https:\/\/crispelomundo.com.br\/wp-content\/uploads\/2022\/03\/Pousda-Tere-Parque-Cris-Stilben-Cris-pelo-Mundo-Encontro-de-Viajantes-em-Teresopolis-37-150x150.jpg 150w, https:\/\/crispelomundo.com.br\/wp-content\/uploads\/2022\/03\/Pousda-Tere-Parque-Cris-Stilben-Cris-pelo-Mundo-Encontro-de-Viajantes-em-Teresopolis-37-768x768.jpg 768w\" sizes=\"(max-width: 1024px) 100vw, 1024px\" title=\"- Cris autour du monde\"><\/a>\n\t\t\t<\/div><\/figure><figure class='gallery-item'>\n\t\t\t<div class='gallery-icon landscape'>\n\t\t\t\t<a href=\"https:\/\/crispelomundo.com.br\/fr\/week-end-a-teresopolis\/pousda-tere-parque-cris-stilben-cris-pelo-mundo-encontro-de-viajantes-em-teresopolis-38\/\"><img loading=\"lazy\" decoding=\"async\" width=\"1024\" height=\"1024\" src=\"https:\/\/crispelomundo.com.br\/wp-content\/uploads\/2022\/03\/Pousda-Tere-Parque-Cris-Stilben-Cris-pelo-Mundo-Encontro-de-Viajantes-em-Teresopolis-38-1024x1024.jpg\" class=\"attachment-large size-large\" alt=\"Pousda Ter\u00ea Parque Cris Stilben Cris autour du monde Rencontre de voyageurs \u00e0 Teres\u00f3polis (35)\" srcset=\"https:\/\/crispelomundo.com.br\/wp-content\/uploads\/2022\/03\/Pousda-Tere-Parque-Cris-Stilben-Cris-pelo-Mundo-Encontro-de-Viajantes-em-Teresopolis-38-1024x1024.jpg 1024w, https:\/\/crispelomundo.com.br\/wp-content\/uploads\/2022\/03\/Pousda-Tere-Parque-Cris-Stilben-Cris-pelo-Mundo-Encontro-de-Viajantes-em-Teresopolis-38-300x300.jpg 300w, https:\/\/crispelomundo.com.br\/wp-content\/uploads\/2022\/03\/Pousda-Tere-Parque-Cris-Stilben-Cris-pelo-Mundo-Encontro-de-Viajantes-em-Teresopolis-38-100x100.jpg 100w, https:\/\/crispelomundo.com.br\/wp-content\/uploads\/2022\/03\/Pousda-Tere-Parque-Cris-Stilben-Cris-pelo-Mundo-Encontro-de-Viajantes-em-Teresopolis-38-150x150.jpg 150w, https:\/\/crispelomundo.com.br\/wp-content\/uploads\/2022\/03\/Pousda-Tere-Parque-Cris-Stilben-Cris-pelo-Mundo-Encontro-de-Viajantes-em-Teresopolis-38-768x768.jpg 768w\" sizes=\"(max-width: 1024px) 100vw, 1024px\" title=\"- Cris autour du monde\"><\/a>\n\t\t\t<\/div><\/figure>\n\t\t<\/div>\n\n<p>Elle a vu le jardin, d'o\u00f9 proviennent les l\u00e9gumes qui composent son assiette, et a m\u00eame rencontr\u00e9 les aras.<br \/>\nNous nous sommes joyeusement dirig\u00e9s vers le caf\u00e9, o\u00f9 nous avons fait le plein d'\u00e9nergie pour l'attraction suivante !<br \/>\nSi vous voulez voir l'ensemble de notre exp\u00e9rience \u00e0 l'auberge, <a href=\"https:\/\/crispelomundo.com\/hospedagem-com-crianca-em-teresopolis\/\" target=\"_blank\" rel=\"noopener\">cliquez ici.<\/a><\/p>\n<h4><span style=\"color: #ff6600;\">PARNASO<\/span><\/h4>\n<p>Nous nous sommes dirig\u00e9s vers nos prochaines attractions, la matin\u00e9e \u00e9tait bien remplie, mais avant que nous n'atteignions les <a href=\"http:\/\/www.parnaso.tur.br\/\" target=\"_blank\" rel=\"noopener\">PARNASO<\/a> (Parc national de la Serra dos \u00d3rg\u00e3os) Nous avons quitt\u00e9 Teres\u00f3polis et nous nous sommes arr\u00eat\u00e9s au Mirante do Soberbo, tout pr\u00e8s de la porte de la ville ! Cet arr\u00eat strat\u00e9gique que TOUT le monde fait en arrivant \u00e0 Teres\u00f3polis, est pour moi la meilleure vue sur le doigt de Dieu. Notre Br\u00e9sil est si beau, c'est un plaisir.<\/p>\n<p><img loading=\"lazy\" decoding=\"async\" class=\"aligncenter size-large wp-image-5903\" src=\"http:\/\/crispelomundo.com\/wp-content\/uploads\/2017\/06\/Encontro-de-Viajantes-em-Teres\u00f3polis-Cris-Stilben-Cris-pelo-Mundo-5-1024x576.jpg\" alt=\"Rencontre de voyageurs \u00e0 Teres\u00f3polis Cris Stilben Cris autour du monde (5)\" width=\"640\" height=\"360\" title=\"- Cris autour du monde\"><\/p>\n<p>Saviez-vous que PARNASO est si grand qu'il couvre QUATRE municipalit\u00e9s ? Il est situ\u00e9 dans le massif de la Serra dos \u00d3rg\u00e3o et couvre les municipalit\u00e9s de Guapimirim, Mag\u00e9, Petr\u00f3polis et Teres\u00f3polis. Le centre principal se trouve \u00e0 Teres\u00f3polis, o\u00f9 les visiteurs trouveront un large \u00e9ventail d'installations. La r\u00e9gion est immense et constitue un atout que nous devrions conserver \u00e0 jamais, avec sa verdure et ses animaux sauvages.<\/p>\n<h4><span style=\"color: #ff6600;\">Conf\u00e9rences<\/span><\/h4>\n<p>D\u00e8s notre arriv\u00e9e au parc, nous nous sommes dirig\u00e9s vers l'auditorium o\u00f9 nous allions assister \u00e0 des conf\u00e9rences tr\u00e8s instructives et motivantes. La premi\u00e8re intervenante \u00e9tait la biologiste Isabela Deiss de Farias, qui nous a expliqu\u00e9 l'importance du parc et de la biodiversit\u00e9 pour l'ensemble de la plan\u00e8te.<\/p>\n<p><img loading=\"lazy\" decoding=\"async\" class=\"aligncenter size-large wp-image-5904\" src=\"http:\/\/crispelomundo.com\/wp-content\/uploads\/2017\/06\/Encontro-de-Viajantes-em-Teres\u00f3polis-Cris-Stilben-Cris-pelo-Mundo-1-1024x576.jpg\" alt=\"Rencontre de voyageurs \u00e0 Teres\u00f3polis Cris Stilben Cris autour du monde (1)\" width=\"640\" height=\"360\" title=\"- Cris autour du monde\"><\/p>\n<p>Emmanuel a tout \u00e9cout\u00e9 avec beaucoup de concentration, r\u00e9p\u00e9tant quelques mots en vrac, ANIMAUX, FOR\u00caT, lol il \u00e9tait si mignon ! Il a m\u00eame appris que la for\u00eat de Tijuca \u00e9tait autrefois une plantation de caf\u00e9, le saviez-vous ?<\/p>\n<h6><span style=\"color: #ff6600;\">L'EXP<\/span><\/h6>\n<p>Ensuite, F\u00e1bio Lima, le cr\u00e9ateur de la rencontre, a parl\u00e9 un peu plus de son parcours et de l'amour qu'il a construit pour Teres\u00f3polis !<\/p>\n<div id='gallery-4' class='gallery galleryid-3774 gallery-columns-2 gallery-size-large'><figure class='gallery-item'>\n\t\t\t<div class='gallery-icon landscape'>\n\t\t\t\t<a href=\"https:\/\/crispelomundo.com.br\/fr\/week-end-a-teresopolis\/encontro-de-viajantes-em-teresopolis-cris-stilben-cris-pelo-mundo-2\/\"><img loading=\"lazy\" decoding=\"async\" width=\"1024\" height=\"1024\" src=\"https:\/\/crispelomundo.com.br\/wp-content\/uploads\/2022\/03\/Encontro-de-Viajantes-em-Teresopolis-Cris-Stilben-Cris-pelo-Mundo-2-1024x1024.jpg\" class=\"attachment-large size-large\" alt=\"Rencontre de voyageurs \u00e0 Teres\u00f3polis Cris Stilben Cris autour du monde (2)\" srcset=\"https:\/\/crispelomundo.com.br\/wp-content\/uploads\/2022\/03\/Encontro-de-Viajantes-em-Teresopolis-Cris-Stilben-Cris-pelo-Mundo-2-1024x1024.jpg 1024w, https:\/\/crispelomundo.com.br\/wp-content\/uploads\/2022\/03\/Encontro-de-Viajantes-em-Teresopolis-Cris-Stilben-Cris-pelo-Mundo-2-300x300.jpg 300w, https:\/\/crispelomundo.com.br\/wp-content\/uploads\/2022\/03\/Encontro-de-Viajantes-em-Teresopolis-Cris-Stilben-Cris-pelo-Mundo-2-100x100.jpg 100w, https:\/\/crispelomundo.com.br\/wp-content\/uploads\/2022\/03\/Encontro-de-Viajantes-em-Teresopolis-Cris-Stilben-Cris-pelo-Mundo-2-150x150.jpg 150w, https:\/\/crispelomundo.com.br\/wp-content\/uploads\/2022\/03\/Encontro-de-Viajantes-em-Teresopolis-Cris-Stilben-Cris-pelo-Mundo-2-768x768.jpg 768w\" sizes=\"(max-width: 1024px) 100vw, 1024px\" title=\"- Cris autour du monde\"><\/a>\n\t\t\t<\/div><\/figure><figure class='gallery-item'>\n\t\t\t<div class='gallery-icon landscape'>\n\t\t\t\t<a href=\"https:\/\/crispelomundo.com.br\/fr\/week-end-a-teresopolis\/encontro-de-viajantes-em-teresopolis-cris-stilben-cris-pelo-mundo-3\/\"><img loading=\"lazy\" decoding=\"async\" width=\"1024\" height=\"1024\" src=\"https:\/\/crispelomundo.com.br\/wp-content\/uploads\/2022\/03\/Encontro-de-Viajantes-em-Teresopolis-Cris-Stilben-Cris-pelo-Mundo-3-1024x1024.jpg\" class=\"attachment-large size-large\" alt=\"Rencontre de voyageurs \u00e0 Teres\u00f3polis Cris Stilben Cris autour du monde (2)\" srcset=\"https:\/\/crispelomundo.com.br\/wp-content\/uploads\/2022\/03\/Encontro-de-Viajantes-em-Teresopolis-Cris-Stilben-Cris-pelo-Mundo-3-1024x1024.jpg 1024w, https:\/\/crispelomundo.com.br\/wp-content\/uploads\/2022\/03\/Encontro-de-Viajantes-em-Teresopolis-Cris-Stilben-Cris-pelo-Mundo-3-300x300.jpg 300w, https:\/\/crispelomundo.com.br\/wp-content\/uploads\/2022\/03\/Encontro-de-Viajantes-em-Teresopolis-Cris-Stilben-Cris-pelo-Mundo-3-100x100.jpg 100w, https:\/\/crispelomundo.com.br\/wp-content\/uploads\/2022\/03\/Encontro-de-Viajantes-em-Teresopolis-Cris-Stilben-Cris-pelo-Mundo-3-150x150.jpg 150w, https:\/\/crispelomundo.com.br\/wp-content\/uploads\/2022\/03\/Encontro-de-Viajantes-em-Teresopolis-Cris-Stilben-Cris-pelo-Mundo-3-768x768.jpg 768w\" sizes=\"(max-width: 1024px) 100vw, 1024px\" title=\"- Cris autour du monde\"><\/a>\n\t\t\t<\/div><\/figure>\n\t\t<\/div>\n\n<p>En plus d'\u00eatre une super nouveaut\u00e9, le\u00a0<a href=\"http:\/\/theexp.com.br\/\" target=\"_blank\" rel=\"noopener\">L'EXP<\/a>\u00a0\u00a0est un op\u00e9rateur d'itin\u00e9raires d'exp\u00e9rience dans la r\u00e9gion de Serrana qui nous permet d'explorer ce que la r\u00e9gion a de mieux \u00e0 offrir, de la Rota Cervejeira au trekking pour voir le lever de lune avec du fromage et du vin, j'ai ador\u00e9 !<\/p>\n<h6><span style=\"color: #ff6600;\">\u00a0Vacances b\u00e9n\u00e9voles<\/span><\/h6>\n<p>Pour conclure cette matin\u00e9e tr\u00e8s instructive et motivante, Mari, l'une des jeunes femmes les plus prometteuses du pays, s'est pr\u00e9sent\u00e9e \u00e0 la table. Elle nous a pr\u00e9sent\u00e9 <a href=\"http:\/\/volunteervacations.com.br\/\" target=\"_blank\" rel=\"noopener\">Vacances des b\u00e9n\u00e9voles,<\/a> l'entreprise qu'elle a fond\u00e9e. Une id\u00e9e parfaite pour ceux qui aiment voyager et aider ! Des histoires \u00e0 pleurer et la fiert\u00e9 de voir que des gens comme eux existent encore. Cela nous a montr\u00e9 que le volontariat ne doit pas \u00eatre douloureux et que l'on peut et que l'on doit s'amuser lors des missions, apr\u00e8s tout, aider son prochain est tr\u00e8s bon et gratifiant.<\/p>\n<h4><span style=\"color: #ff6600;\">Pique-nique dans le parc !<\/span><\/h4>\n<p>Juste apr\u00e8s les conf\u00e9rences, nous avons fait un beau pique-nique avec des paniers et tout le reste, DELICIEUX !<\/p>\n<p><img loading=\"lazy\" decoding=\"async\" class=\"aligncenter wp-image-5907\" src=\"http:\/\/crispelomundo.com\/wp-content\/uploads\/2017\/06\/Encontro-de-Viajantes-em-Teres\u00f3polis-Cris-Stilben-Cris-pelo-Mundo-6-771x1024.jpg\" alt=\"Rencontre de voyageurs \u00e0 Teres\u00f3polis Cris Stilben Cris autour du monde (6)\" width=\"356\" height=\"472\" title=\"- Cris autour du monde\"><\/p>\n<p>Il y avait beaucoup de bonnes choses, des chocolats merveilleux aux fruits et aux jus naturels !<\/p>\n<p><img loading=\"lazy\" decoding=\"async\" class=\"aligncenter size-large wp-image-5908\" src=\"http:\/\/crispelomundo.com\/wp-content\/uploads\/2017\/06\/Encontro-de-Viajantes-em-Teres\u00f3polis-Cris-Stilben-Cris-pelo-Mundo-7-1024x683.jpg\" alt=\"Rencontre de voyageurs \u00e0 Teres\u00f3polis Cris Stilben Cris autour du monde (7)\" width=\"640\" height=\"427\" title=\"- Cris autour du monde\"><\/p>\n<p>C'\u00e9tait le moment de se d\u00e9tendre et de discuter, nous avons m\u00eame eu un massage, que j'ai \u00e9videmment appr\u00e9ci\u00e9, j'adore \u00e7a ! Emmanuel a mang\u00e9 son sandwich, son chocolat et son jus de fruit et nous \u00e9tions bien pr\u00e9par\u00e9s pour la prochaine attraction, qui se trouvait juste l\u00e0 dans le parc.<\/p>\n<h4><span style=\"color: #ff6600;\">Centre d'accueil des visiteurs<\/span><\/h4>\n<p>Avant la randonn\u00e9e, nous avons \u00e9t\u00e9 emmen\u00e9s au centre des visiteurs du parc et avons re\u00e7u une br\u00e8ve le\u00e7on sur la flore et la faune du parc. Emmanuel a pu voir les animaux qui habitent le parc, comme le redoutable serpent - ils n'\u00e9taient pas r\u00e9els, mais il a pu se faire une bonne id\u00e9e de ce \u00e0 quoi ils ressemblent.<\/p>\n<p><img loading=\"lazy\" decoding=\"async\" class=\"aligncenter size-large wp-image-5909\" src=\"http:\/\/crispelomundo.com\/wp-content\/uploads\/2017\/06\/PARNASO-PARQUE-NACIONAL-DA-SERRA-DOS-ORGAOS-Cris-Stilben-Cris-pelo-Mundo-Encontro-de-Viajantes-em-Teres\u00f3polis-15-1024x576.jpg\" alt=\"PARNASO SERRA DOS ORGAOS NATIONAL PARK Cris Stilben Cris autour du monde Rencontre de voyageurs \u00e0 Teres\u00f3polis (15)\" width=\"640\" height=\"360\" title=\"- Cris autour du monde\"><\/p>\n<p>La matin\u00e9e a \u00e9t\u00e9 si mouvement\u00e9e pour lui qu'au milieu de l'explication, il a fini par s'endormir sur nos genoux et nous avons continu\u00e9 le chemin jusqu'au Po\u00e7o Dois Irm\u00e3os.<\/p>\n<p><img loading=\"lazy\" decoding=\"async\" class=\"aligncenter size-large wp-image-5910\" src=\"http:\/\/crispelomundo.com\/wp-content\/uploads\/2017\/06\/PARNASO-PARQUE-NACIONAL-DA-SERRA-DOS-ORGAOS-Cris-Stilben-Cris-pelo-Mundo-Encontro-de-Viajantes-em-Teres\u00f3polis-16-1024x576.jpg\" alt=\"PARNASO SERRA DOS ORGAOS NATIONAL PARK Cris Stilben Cris autour du monde Rencontre de voyageurs \u00e0 Teres\u00f3polis (16)\" width=\"640\" height=\"360\" title=\"- Cris autour du monde\"><\/p>\n<h4><span style=\"color: #ff6600;\">Le sentier !<\/span><\/h4>\n<p>Apr\u00e8s 200 m\u00e8tres, nous avons atteint le merveilleux Po\u00e7o, avec ses eaux calmes et ses rochers qui montrent que la nature est \u00e9tonnante. Emmanuel s'est vite r\u00e9veill\u00e9 et a saut\u00e9 sur les rochers avec nous, mais le temps \u00e9tait tr\u00e8s froid et la plong\u00e9e \u00e9tait pour une autre fois.<\/p>\n<div id='gallery-5' class='gallery galleryid-3774 gallery-columns-2 gallery-size-large'><figure class='gallery-item'>\n\t\t\t<div class='gallery-icon landscape'>\n\t\t\t\t<a href=\"https:\/\/crispelomundo.com.br\/fr\/week-end-a-teresopolis\/parnaso-parque-nacional-da-serra-dos-orgaos-cris-stilben-cris-pelo-mundo-encontro-de-viajantes-em-teresopolis-17\/\"><img loading=\"lazy\" decoding=\"async\" width=\"1024\" height=\"1024\" src=\"https:\/\/crispelomundo.com.br\/wp-content\/uploads\/2022\/03\/PARNASO-PARQUE-NACIONAL-DA-SERRA-DOS-ORGAOS-Cris-Stilben-Cris-pelo-Mundo-Encontro-de-Viajantes-em-Teresopolis-17-1024x1024.jpg\" class=\"attachment-large size-large\" alt=\"- Cris autour du monde\" srcset=\"https:\/\/crispelomundo.com.br\/wp-content\/uploads\/2022\/03\/PARNASO-PARQUE-NACIONAL-DA-SERRA-DOS-ORGAOS-Cris-Stilben-Cris-pelo-Mundo-Encontro-de-Viajantes-em-Teresopolis-17-1024x1024.jpg 1024w, https:\/\/crispelomundo.com.br\/wp-content\/uploads\/2022\/03\/PARNASO-PARQUE-NACIONAL-DA-SERRA-DOS-ORGAOS-Cris-Stilben-Cris-pelo-Mundo-Encontro-de-Viajantes-em-Teresopolis-17-300x300.jpg 300w, https:\/\/crispelomundo.com.br\/wp-content\/uploads\/2022\/03\/PARNASO-PARQUE-NACIONAL-DA-SERRA-DOS-ORGAOS-Cris-Stilben-Cris-pelo-Mundo-Encontro-de-Viajantes-em-Teresopolis-17-100x100.jpg 100w, https:\/\/crispelomundo.com.br\/wp-content\/uploads\/2022\/03\/PARNASO-PARQUE-NACIONAL-DA-SERRA-DOS-ORGAOS-Cris-Stilben-Cris-pelo-Mundo-Encontro-de-Viajantes-em-Teresopolis-17-150x150.jpg 150w, https:\/\/crispelomundo.com.br\/wp-content\/uploads\/2022\/03\/PARNASO-PARQUE-NACIONAL-DA-SERRA-DOS-ORGAOS-Cris-Stilben-Cris-pelo-Mundo-Encontro-de-Viajantes-em-Teresopolis-17-768x768.jpg 768w\" sizes=\"(max-width: 1024px) 100vw, 1024px\" title=\"- Cris autour du monde\"><\/a>\n\t\t\t<\/div><\/figure><figure class='gallery-item'>\n\t\t\t<div class='gallery-icon landscape'>\n\t\t\t\t<a href=\"https:\/\/crispelomundo.com.br\/fr\/week-end-a-teresopolis\/parnaso-parque-nacional-da-serra-dos-orgaos-cris-stilben-cris-pelo-mundo-encontro-de-viajantes-em-teresopolis-18\/\"><img loading=\"lazy\" decoding=\"async\" width=\"1024\" height=\"1024\" src=\"https:\/\/crispelomundo.com.br\/wp-content\/uploads\/2022\/03\/PARNASO-PARQUE-NACIONAL-DA-SERRA-DOS-ORGAOS-Cris-Stilben-Cris-pelo-Mundo-Encontro-de-Viajantes-em-Teresopolis-18-1024x1024.jpg\" class=\"attachment-large size-large\" alt=\"- Cris autour du monde\" srcset=\"https:\/\/crispelomundo.com.br\/wp-content\/uploads\/2022\/03\/PARNASO-PARQUE-NACIONAL-DA-SERRA-DOS-ORGAOS-Cris-Stilben-Cris-pelo-Mundo-Encontro-de-Viajantes-em-Teresopolis-18-1024x1024.jpg 1024w, https:\/\/crispelomundo.com.br\/wp-content\/uploads\/2022\/03\/PARNASO-PARQUE-NACIONAL-DA-SERRA-DOS-ORGAOS-Cris-Stilben-Cris-pelo-Mundo-Encontro-de-Viajantes-em-Teresopolis-18-300x300.jpg 300w, https:\/\/crispelomundo.com.br\/wp-content\/uploads\/2022\/03\/PARNASO-PARQUE-NACIONAL-DA-SERRA-DOS-ORGAOS-Cris-Stilben-Cris-pelo-Mundo-Encontro-de-Viajantes-em-Teresopolis-18-100x100.jpg 100w, https:\/\/crispelomundo.com.br\/wp-content\/uploads\/2022\/03\/PARNASO-PARQUE-NACIONAL-DA-SERRA-DOS-ORGAOS-Cris-Stilben-Cris-pelo-Mundo-Encontro-de-Viajantes-em-Teresopolis-18-150x150.jpg 150w, https:\/\/crispelomundo.com.br\/wp-content\/uploads\/2022\/03\/PARNASO-PARQUE-NACIONAL-DA-SERRA-DOS-ORGAOS-Cris-Stilben-Cris-pelo-Mundo-Encontro-de-Viajantes-em-Teresopolis-18-768x768.jpg 768w\" sizes=\"(max-width: 1024px) 100vw, 1024px\" title=\"- Cris autour du monde\"><\/a>\n\t\t\t<\/div><\/figure>\n\t\t<\/div>\n\n<p>Henrique, le guide qui nous accompagnait, nous a expliqu\u00e9 qu'en \u00e9t\u00e9, le puits est encore plus beau, avec ses eaux vert \u00e9meraude. J'ai h\u00e2te d'y retourner, et en parlant de retourner, Emmanuel a fait tout le chemin tout seul.<\/p>\n<p><img loading=\"lazy\" decoding=\"async\" class=\"aligncenter size-large wp-image-5913\" src=\"http:\/\/crispelomundo.com\/wp-content\/uploads\/2017\/06\/MVI_8200-3-1024x576.jpg\" alt=\"Teresopolis Crispelo Mundo Cris Stilben\" width=\"640\" height=\"360\" title=\"- Cris autour du monde\"><\/p>\n<p>Au d\u00e9but, il s'est un peu plaint, mais une fois qu'il a eu son \"b\u00e2ton\", tout est devenu plus facile, il avait l'air d'un grand homme qui tirait la piste, lol Celui qui lui a donn\u00e9 le \"b\u00e2ton\" \u00e9tait son ami Gilson Fuma\u00e7a lol qui fait un excellent travail \u00e0 Santa Marta et qui est tr\u00e8s habitu\u00e9 aux pistes. Tour termin\u00e9, passons \u00e0 la prochaine attraction !<\/p>\n<h4><span style=\"color: #ff6600;\">Ferme Comary<\/span><\/h4>\n<p>Avant de rentrer \u00e0 la Pousada et de nous pr\u00e9parer pour le d\u00eener, nous avons d\u00e9cid\u00e9 de nous arr\u00eater \u00e0 l'une des attractions dont on parle le plus, surtout en p\u00e9riode de Coupe du monde, lol La Granja Comary, ce n'est pas un nom \u00e9trange, n'est-ce pas ? C'est l\u00e0 que se trouve le si\u00e8ge de la CBF et que notre \u00e9quipe nationale bien-aim\u00e9e s'entra\u00eene. Mais si c'est l\u00e0 que l'\u00e9quipe nationale s'entra\u00eene, pourquoi Granja ?<\/p>\n<div id='gallery-6' class='gallery galleryid-3774 gallery-columns-2 gallery-size-large'><figure class='gallery-item'>\n\t\t\t<div class='gallery-icon landscape'>\n\t\t\t\t<a href=\"https:\/\/crispelomundo.com.br\/fr\/week-end-a-teresopolis\/granja-comary-cris-stilben-cris-pelo-mundo-encontro-de-viajantes-em-teresopolis-15\/\"><img loading=\"lazy\" decoding=\"async\" width=\"1024\" height=\"1024\" src=\"https:\/\/crispelomundo.com.br\/wp-content\/uploads\/2022\/03\/Granja-Comary-Cris-Stilben-Cris-pelo-Mundo-Encontro-de-Viajantes-em-Teresopolis-15-1024x1024.jpg\" class=\"attachment-large size-large\" alt=\"Granja Comary Cris Stilben Cris autour du monde Rencontre de voyageurs \u00e0 Teres\u00f3polis (15)\" srcset=\"https:\/\/crispelomundo.com.br\/wp-content\/uploads\/2022\/03\/Granja-Comary-Cris-Stilben-Cris-pelo-Mundo-Encontro-de-Viajantes-em-Teresopolis-15-1024x1024.jpg 1024w, https:\/\/crispelomundo.com.br\/wp-content\/uploads\/2022\/03\/Granja-Comary-Cris-Stilben-Cris-pelo-Mundo-Encontro-de-Viajantes-em-Teresopolis-15-300x300.jpg 300w, https:\/\/crispelomundo.com.br\/wp-content\/uploads\/2022\/03\/Granja-Comary-Cris-Stilben-Cris-pelo-Mundo-Encontro-de-Viajantes-em-Teresopolis-15-100x100.jpg 100w, https:\/\/crispelomundo.com.br\/wp-content\/uploads\/2022\/03\/Granja-Comary-Cris-Stilben-Cris-pelo-Mundo-Encontro-de-Viajantes-em-Teresopolis-15-150x150.jpg 150w, https:\/\/crispelomundo.com.br\/wp-content\/uploads\/2022\/03\/Granja-Comary-Cris-Stilben-Cris-pelo-Mundo-Encontro-de-Viajantes-em-Teresopolis-15-768x768.jpg 768w\" sizes=\"(max-width: 1024px) 100vw, 1024px\" title=\"- Cris autour du monde\"><\/a>\n\t\t\t<\/div><\/figure><figure class='gallery-item'>\n\t\t\t<div class='gallery-icon landscape'>\n\t\t\t\t<a href=\"https:\/\/crispelomundo.com.br\/fr\/week-end-a-teresopolis\/granja-comary-cris-stilben-cris-pelo-mundo-encontro-de-viajantes-em-teresopolis-16\/\"><img loading=\"lazy\" decoding=\"async\" width=\"1024\" height=\"1024\" src=\"https:\/\/crispelomundo.com.br\/wp-content\/uploads\/2022\/03\/Granja-Comary-Cris-Stilben-Cris-pelo-Mundo-Encontro-de-Viajantes-em-Teresopolis-16-1024x1024.jpg\" class=\"attachment-large size-large\" alt=\"Granja Comary Cris Stilben Cris autour du monde Rencontre de voyageurs \u00e0 Teres\u00f3polis (15)\" srcset=\"https:\/\/crispelomundo.com.br\/wp-content\/uploads\/2022\/03\/Granja-Comary-Cris-Stilben-Cris-pelo-Mundo-Encontro-de-Viajantes-em-Teresopolis-16-1024x1024.jpg 1024w, https:\/\/crispelomundo.com.br\/wp-content\/uploads\/2022\/03\/Granja-Comary-Cris-Stilben-Cris-pelo-Mundo-Encontro-de-Viajantes-em-Teresopolis-16-300x300.jpg 300w, https:\/\/crispelomundo.com.br\/wp-content\/uploads\/2022\/03\/Granja-Comary-Cris-Stilben-Cris-pelo-Mundo-Encontro-de-Viajantes-em-Teresopolis-16-100x100.jpg 100w, https:\/\/crispelomundo.com.br\/wp-content\/uploads\/2022\/03\/Granja-Comary-Cris-Stilben-Cris-pelo-Mundo-Encontro-de-Viajantes-em-Teresopolis-16-150x150.jpg 150w, https:\/\/crispelomundo.com.br\/wp-content\/uploads\/2022\/03\/Granja-Comary-Cris-Stilben-Cris-pelo-Mundo-Encontro-de-Viajantes-em-Teresopolis-16-768x768.jpg 768w\" sizes=\"(max-width: 1024px) 100vw, 1024px\" title=\"- Cris autour du monde\"><\/a>\n\t\t\t<\/div><\/figure>\n\t\t<\/div>\n\n<p>Dans le pass\u00e9, le site \u00e9tait une ferme appartenant \u00e0 Carlos Guinle et s'appelait Granja Comary. Apr\u00e8s sa vente, ils ont d\u00e9cid\u00e9 de conserver le nom et c'est pourquoi nous l'appelons toujours Granja Comary.<\/p>\n<p><img loading=\"lazy\" decoding=\"async\" class=\"aligncenter size-large wp-image-5916\" src=\"http:\/\/crispelomundo.com\/wp-content\/uploads\/2017\/06\/Granja-Comary-Cris-Stilben-Cris-pelo-Mundo-Encontro-de-Viajantes-em-Teres\u00f3polis-19-1024x576.jpg\" alt=\"Granja Comary Cris Stilben Cris autour du monde Rencontre de voyageurs \u00e0 Teres\u00f3polis (19)\" width=\"640\" height=\"360\" title=\"- Cris autour du monde\"><\/p>\n<p>C'est l'un des quartiers les plus nobles de la ville et il poss\u00e8de un magnifique lac d'o\u00f9 l'on peut voir le sommet de la Serra dos \u00d3rg\u00e3os et m\u00eame la pointe du Dedo de Deus. Il s'agit \u00e9galement d'un site du patrimoine historique et culturel, class\u00e9 par la mairie de Teres\u00f3polis.<\/p>\n<h4><span style=\"color: #ff6600;\">D\u00eener ! Vari\u00e9t\u00e9<\/span><\/h4>\n<p>Apr\u00e8s ce petit bain culturel, nous sommes all\u00e9s nous pr\u00e9parer pour le d\u00eener ! Je mourais d'envie de go\u00fbter \u00e0 d'autres d\u00e9lices de la ville et cette fois, nous sommes all\u00e9s au <a href=\"http:\/\/www.varietagrill.com.br\/\" target=\"_blank\" rel=\"noopener\">Vari\u00e9t\u00e9<\/a>. Comme son nom l'indique, il est plein de vari\u00e9t\u00e9 lol, tr\u00e8s large avec barbecue, buffet de salades, p\u00e2tes, poissons, japonais et m\u00eame des soupes !<\/p>\n<p><img loading=\"lazy\" decoding=\"async\" class=\"aligncenter size-large wp-image-5917\" src=\"http:\/\/crispelomundo.com\/wp-content\/uploads\/2017\/06\/Restaurante-Variet\u00e1-Cris-Stilben-Cris-pelo-Mundo-Encontro-de-Viajantes-em-Teres\u00f3polis-22-1024x576.jpg\" alt=\"Variet\u00e1 Restaurant Cris Stilben Cris autour du monde Rencontre de voyageurs \u00e0 Teres\u00f3polis (22)\" width=\"640\" height=\"360\" title=\"- Cris autour du monde\"><\/p>\n<p>J'ai pr\u00e9par\u00e9 un plat de poisson, viande, riz et pommes de terre pour la petite et j'ai attaqu\u00e9 le japonais avec Igor. Nous avons mang\u00e9 et r\u00e9p\u00e9t\u00e9, c'\u00e9tait d\u00e9licieux ! On adore \u00e7a et c'est difficile de r\u00e9sister au bon vieux japa, h\u00e9h\u00e9h\u00e9.<\/p>\n<p><img loading=\"lazy\" decoding=\"async\" class=\"aligncenter size-large wp-image-5918\" src=\"http:\/\/crispelomundo.com\/wp-content\/uploads\/2017\/06\/Restaurante-Variet\u00e1-Cris-Stilben-Cris-pelo-Mundo-Encontro-de-Viajantes-em-Teres\u00f3polis-21-1024x683.jpg\" alt=\"Variet\u00e1 Restaurant Cris Stilben Cris autour du monde Rencontre de voyageurs \u00e0 Teres\u00f3polis (21)\" width=\"640\" height=\"427\" title=\"- Cris autour du monde\"><\/p>\n<p>Mais m\u00eame apr\u00e8s m'\u00eatre rassasi\u00e9, j'ai fini par attaquer quelques soupes, le bouillon d'oignon \u00e9tait magnifique, nham nhammm. La soir\u00e9e fut excellente, mais le temps pressait et nous devions rentrer \u00e0 la Pousada et nous reposer, le lendemain allait \u00eatre charg\u00e9 et l'adieu \u00e0 l'\u00e9v\u00e9nement.<\/p>\n<h4><span style=\"color: #ff6600;\">Adieu \u00e0 la Pousada<\/span><\/h4>\n<p>Nous avons dormi comme des anges, nous nous sommes r\u00e9veill\u00e9s avec ce d\u00e9licieux bruit de brousse et avons fini de faire nos valises, il \u00e9tait d\u00e9j\u00e0 temps de partir. Malheureusement, le week-end a fil\u00e9 \u00e0 toute allure et nous n'avons eu qu'une heure pour dire au revoir \u00e0 <a href=\"https:\/\/crispelomundo.com\/hospedagem-com-crianca-em-teresopolis\/\" target=\"_blank\" rel=\"noopener\">l'auberge.<br \/>\n<\/a><\/p>\n<div id='gallery-7' class='gallery galleryid-3774 gallery-columns-3 gallery-size-large'><figure class='gallery-item'>\n\t\t\t<div class='gallery-icon landscape'>\n\t\t\t\t<a href=\"https:\/\/crispelomundo.com.br\/fr\/week-end-a-teresopolis\/encontro-de-viajantes-em-teresopolis-46\/\"><img loading=\"lazy\" decoding=\"async\" width=\"1024\" height=\"1024\" src=\"https:\/\/crispelomundo.com.br\/wp-content\/uploads\/2022\/03\/Encontro-de-Viajantes-em-Teresopolis-46-1024x1024.jpg\" class=\"attachment-large size-large\" alt=\"- Cris autour du monde\" srcset=\"https:\/\/crispelomundo.com.br\/wp-content\/uploads\/2022\/03\/Encontro-de-Viajantes-em-Teresopolis-46-1024x1024.jpg 1024w, https:\/\/crispelomundo.com.br\/wp-content\/uploads\/2022\/03\/Encontro-de-Viajantes-em-Teresopolis-46-300x300.jpg 300w, https:\/\/crispelomundo.com.br\/wp-content\/uploads\/2022\/03\/Encontro-de-Viajantes-em-Teresopolis-46-100x100.jpg 100w, https:\/\/crispelomundo.com.br\/wp-content\/uploads\/2022\/03\/Encontro-de-Viajantes-em-Teresopolis-46-150x150.jpg 150w, https:\/\/crispelomundo.com.br\/wp-content\/uploads\/2022\/03\/Encontro-de-Viajantes-em-Teresopolis-46-768x768.jpg 768w\" sizes=\"(max-width: 1024px) 100vw, 1024px\" title=\"- Cris autour du monde\"><\/a>\n\t\t\t<\/div><\/figure><figure class='gallery-item'>\n\t\t\t<div class='gallery-icon landscape'>\n\t\t\t\t<a href=\"https:\/\/crispelomundo.com.br\/fr\/week-end-a-teresopolis\/pousda-tere-parque-cris-stilben-cris-pelo-mundo-encontro-de-viajantes-em-teresopolis-40\/\"><img loading=\"lazy\" decoding=\"async\" width=\"1024\" height=\"1024\" src=\"https:\/\/crispelomundo.com.br\/wp-content\/uploads\/2022\/03\/Pousda-Tere-Parque-Cris-Stilben-Cris-pelo-Mundo-Encontro-de-Viajantes-em-Teresopolis-40-1024x1024.jpg\" class=\"attachment-large size-large\" alt=\"- Cris autour du monde\" srcset=\"https:\/\/crispelomundo.com.br\/wp-content\/uploads\/2022\/03\/Pousda-Tere-Parque-Cris-Stilben-Cris-pelo-Mundo-Encontro-de-Viajantes-em-Teresopolis-40-1024x1024.jpg 1024w, https:\/\/crispelomundo.com.br\/wp-content\/uploads\/2022\/03\/Pousda-Tere-Parque-Cris-Stilben-Cris-pelo-Mundo-Encontro-de-Viajantes-em-Teresopolis-40-300x300.jpg 300w, https:\/\/crispelomundo.com.br\/wp-content\/uploads\/2022\/03\/Pousda-Tere-Parque-Cris-Stilben-Cris-pelo-Mundo-Encontro-de-Viajantes-em-Teresopolis-40-100x100.jpg 100w, https:\/\/crispelomundo.com.br\/wp-content\/uploads\/2022\/03\/Pousda-Tere-Parque-Cris-Stilben-Cris-pelo-Mundo-Encontro-de-Viajantes-em-Teresopolis-40-150x150.jpg 150w, https:\/\/crispelomundo.com.br\/wp-content\/uploads\/2022\/03\/Pousda-Tere-Parque-Cris-Stilben-Cris-pelo-Mundo-Encontro-de-Viajantes-em-Teresopolis-40-768x768.jpg 768w\" sizes=\"(max-width: 1024px) 100vw, 1024px\" title=\"- Cris autour du monde\"><\/a>\n\t\t\t<\/div><\/figure><figure class='gallery-item'>\n\t\t\t<div class='gallery-icon landscape'>\n\t\t\t\t<a href=\"https:\/\/crispelomundo.com.br\/fr\/week-end-a-teresopolis\/pousda-tere-parque-cris-stilben-cris-pelo-mundo-encontro-de-viajantes-em-teresopolis-39\/\"><img loading=\"lazy\" decoding=\"async\" width=\"1024\" height=\"1024\" src=\"https:\/\/crispelomundo.com.br\/wp-content\/uploads\/2022\/03\/Pousda-Tere-Parque-Cris-Stilben-Cris-pelo-Mundo-Encontro-de-Viajantes-em-Teresopolis-39-1024x1024.jpg\" class=\"attachment-large size-large\" alt=\"- Cris autour du monde\" srcset=\"https:\/\/crispelomundo.com.br\/wp-content\/uploads\/2022\/03\/Pousda-Tere-Parque-Cris-Stilben-Cris-pelo-Mundo-Encontro-de-Viajantes-em-Teresopolis-39-1024x1024.jpg 1024w, https:\/\/crispelomundo.com.br\/wp-content\/uploads\/2022\/03\/Pousda-Tere-Parque-Cris-Stilben-Cris-pelo-Mundo-Encontro-de-Viajantes-em-Teresopolis-39-300x300.jpg 300w, https:\/\/crispelomundo.com.br\/wp-content\/uploads\/2022\/03\/Pousda-Tere-Parque-Cris-Stilben-Cris-pelo-Mundo-Encontro-de-Viajantes-em-Teresopolis-39-100x100.jpg 100w, https:\/\/crispelomundo.com.br\/wp-content\/uploads\/2022\/03\/Pousda-Tere-Parque-Cris-Stilben-Cris-pelo-Mundo-Encontro-de-Viajantes-em-Teresopolis-39-150x150.jpg 150w, https:\/\/crispelomundo.com.br\/wp-content\/uploads\/2022\/03\/Pousda-Tere-Parque-Cris-Stilben-Cris-pelo-Mundo-Encontro-de-Viajantes-em-Teresopolis-39-768x768.jpg 768w\" sizes=\"(max-width: 1024px) 100vw, 1024px\" title=\"- Cris autour du monde\"><\/a>\n\t\t\t<\/div><\/figure>\n\t\t<\/div>\n\n<p>Nous avons couru jusqu'aux Aras, nous sommes entr\u00e9s et avons fait des c\u00e2lins, Emmanuel est all\u00e9 \u00e0 la ferme pour dire au revoir, il a saut\u00e9 dans la cour de r\u00e9cr\u00e9ation, tout ce que nous pouvions faire. Le petit d\u00e9jeuner de ce matin a \u00e9t\u00e9 un peu plus rapide et plus triste, je d\u00e9teste dire au revoir \u00e0 des endroits ! Nous sommes partis avec la certitude que nous reviendrons bient\u00f4t et avec toute la famille ! Nous sommes mont\u00e9s dans le bus avec nos sacs et nous nous sommes dirig\u00e9s vers nos derni\u00e8res activit\u00e9s.<\/p>\n<h4><span style=\"color: #ff6600;\">Historique Sobrado Jos\u00e9 Francisco Lippi<\/span><\/h4>\n<p>Le Sobrado est situ\u00e9 au KM 15 de la route Teres\u00f3polis Friburgo, un tr\u00e9sor de l'histoire br\u00e9silienne ! Nous avons \u00e9t\u00e9 accueillis \u00e0 l'entr\u00e9e par deux messieurs, le professeur Regina Furtado Lippi Leite et son mari Jos\u00e9 Felipe Lippi Leite, tous deux v\u00eatus d'habits de caract\u00e8re et tr\u00e8s sympathiques !<\/p>\n<p><img loading=\"lazy\" decoding=\"async\" class=\"aligncenter size-large wp-image-5922\" src=\"http:\/\/crispelomundo.com\/wp-content\/uploads\/2017\/06\/Sobrado-hist\u00f3rico-Jos\u00e9-Francisco-Lippi-Cris-Stilben-Cris-pelo-Mundo-Encontro-de-Viajantes-em-Teres\u00f3polis-28-1024x683.jpg\" alt=\"Sobrado historique Jos\u00e9 Francisco Lippi Cris Stilben Cris autour du monde Rencontre de voyageurs \u00e0 Teres\u00f3polis (28)\" width=\"640\" height=\"427\" title=\"- Cris autour du monde\"><\/p>\n<p>Regina ne nie pas son \u00e9ducation, mais elle a imm\u00e9diatement commenc\u00e9 \u00e0 montrer son c\u00f4t\u00e9 professeur et nous a racont\u00e9 toute l'histoire magique du lieu et sa nouvelle passion. Elle a continu\u00e9 et j'ai v\u00e9cu toute l'histoire avec elle, j'\u00e9tais enchant\u00e9e !<\/p>\n<h6><span style=\"color: #ff6600;\">Un cadeau inattendu<\/span><\/h6>\n<p>Ils vivaient tous deux dans le centre de Teres\u00f3polis jusqu'\u00e0 ce que Jos\u00e9 Felipe h\u00e9rite de la maison en 1990 et qu'ils d\u00e9cident de d\u00e9m\u00e9nager. La maison de ville du XIXe si\u00e8cle \u00e9tait ferm\u00e9e depuis 25 ans et lorsqu'ils ont ouvert ses caves, ils ont \u00e9t\u00e9 surpris. Une pile de bo\u00eetes contenant des lettres, des horloges, des machines et de nombreux documents sur l'histoire de notre pays.<br \/>\n<img loading=\"lazy\" decoding=\"async\" class=\"aligncenter size-large wp-image-5924\" src=\"http:\/\/crispelomundo.com\/wp-content\/uploads\/2017\/06\/Sobrado-hist\u00f3rico-Jos\u00e9-Francisco-Lippi-Cris-Stilben-Cris-pelo-Mundo-Encontro-de-Viajantes-em-Teres\u00f3polis-29-1024x683.jpg\" alt=\"R\u00e9union de voyageurs \u00e0 Teres\u00f3polis (50)\" width=\"640\" height=\"427\" title=\"- Cris autour du monde\"><\/p>\n<p>C'est incroyable de pouvoir voir de pr\u00e8s des choses aussi importantes. Emmanuel peut voir un t\u00e9l\u00e9phone du si\u00e8cle dernier qui fonctionne encore aujourd'hui, compl\u00e8tement diff\u00e9rent des t\u00e9l\u00e9phones sans fil ou des t\u00e9l\u00e9phones portables qu'il conna\u00eet aujourd'hui.<\/p>\n<p><img loading=\"lazy\" decoding=\"async\" class=\"aligncenter size-large wp-image-5926\" src=\"http:\/\/crispelomundo.com\/wp-content\/uploads\/2017\/06\/Encontro-de-Viajantes-em-Teres\u00f3polis-50-1-1024x576.jpg\" alt=\"R\u00e9union de voyageurs \u00e0 Teres\u00f3polis (50)\" width=\"640\" height=\"360\" title=\"- Cris autour du monde\"><\/p>\n<p>Nous nous sommes promen\u00e9s dans l'immense propri\u00e9t\u00e9 et nous avons \u00e9t\u00e9 \u00e9merveill\u00e9s par l'amour et le soin que l'on porte \u00e0 tout ce qui l'entoure. \u00c0 propos, connaissez-vous la Confeitaria Colombo ?<\/p>\n<p><img loading=\"lazy\" decoding=\"async\" class=\"aligncenter size-large wp-image-5927\" src=\"http:\/\/crispelomundo.com\/wp-content\/uploads\/2017\/06\/Sobrado-hist\u00f3rico-Jos\u00e9-Francisco-Lippi-Cris-Stilben-Cris-pelo-Mundo-Encontro-de-Viajantes-em-Teres\u00f3polis-27-1024x683.jpg\" alt=\"Sobrado historique Jos\u00e9 Francisco Lippi Cris Stilben Cris autour du monde Rencontre de voyageurs \u00e0 Teres\u00f3polis (27)\" width=\"640\" height=\"427\" title=\"- Cris autour du monde\"><\/p>\n<p>C'est dans cette ancienne ferme que l'on produisait les coings locaux ! Une relique d\u00e9couverte gr\u00e2ce \u00e0 des lettres trouv\u00e9es dans la cave.<br \/>\nJ'ai \u00e9t\u00e9 tr\u00e8s heureuse de pouvoir visiter le sobrado !<\/p>\n<h4><span style=\"color: #ff6600;\">Garage Paradis<\/span><\/h4>\n<p>Mais l'heure du d\u00e9jeuner approchait et l'\u00e9v\u00e9nement se terminait ailleurs.<br \/>\nNous sommes arriv\u00e9s et avons \u00e9t\u00e9 stup\u00e9faits de voir \u00e0 quel point l'endroit \u00e9tait agr\u00e9able ! Parfait pour le jour, la nuit et \u00e0 n'importe quel moment de la journ\u00e9e. Avec une grande sc\u00e8ne, un garage \u00e0 l'arri\u00e8re et de nombreuses voitures anciennes \u00e0 d\u00e9corer. En plus d'\u00eatre un restaurant avec de superbes spectacles, Paradise Garage est en fait un fabuleux atelier de voitures anciennes ! Certaines voitures sont toujours expos\u00e9es, comme 4 voitures anciennes, dont 3 \u00e9taient des Coccinelles VW qu'Emmanuel \u00e9tait fou de voir.<\/p>\n<p><img loading=\"lazy\" decoding=\"async\" class=\"aligncenter size-large wp-image-5928\" src=\"http:\/\/crispelomundo.com\/wp-content\/uploads\/2017\/06\/Paradise-Garage-Cris-Stilben-Cris-pelo-Mundo-Encontro-de-Viajantes-em-Teres\u00f3polis-32-1024x576.jpg\" alt=\"Paradise Garage Cris Stilben Cris autour du monde Rencontre de voyageurs \u00e0 Teres\u00f3polis (32)\" width=\"640\" height=\"360\" title=\"- Cris autour du monde\"><\/p>\n<p>Mais ne vous arr\u00eatez pas l\u00e0 ! Un peu plus loin, vous d\u00e9couvrirez un garage encore plus grand, avec des voitures anciennes incroyables qui sont l\u00e0 pour \u00eatre r\u00e9par\u00e9es.<\/p>\n<p><img loading=\"lazy\" decoding=\"async\" class=\"aligncenter size-large wp-image-5929\" src=\"http:\/\/crispelomundo.com\/wp-content\/uploads\/2017\/06\/Paradise-Garage-Cris-Stilben-Cris-pelo-Mundo-Encontro-de-Viajantes-em-Teres\u00f3polis-28-1024x683.jpg\" alt=\"- Cris autour du monde\" width=\"640\" height=\"427\" title=\"- Cris autour du monde\"><\/p>\n<p>J'ai trouv\u00e9 \u00e7a g\u00e9nial, et profiter d'une nuit l\u00e0-bas doit \u00eatre assez cool aussi. Nous nous sommes assis, avons command\u00e9 nos plats et quel plaisir !<\/p>\n<h6><span style=\"color: #ff6600;\">Les gourmandises au menu<\/span><\/h6>\n<p>Nous nous sommes assis, avons command\u00e9 nos plats et quel plaisir !<br \/>\nIgor et moi avons choisi la picanha avec le risotto, moi avec la salade et lui avec les pommes de terre lol.<\/p>\n<p><img loading=\"lazy\" decoding=\"async\" class=\"aligncenter size-large wp-image-5931\" src=\"http:\/\/crispelomundo.com\/wp-content\/uploads\/2017\/06\/Paradise-Garage-Cris-Stilben-Cris-pelo-Mundo-Encontro-de-Viajantes-em-Teres\u00f3polis-29-1024x683.jpg\" alt=\"- Cris autour du monde\" width=\"640\" height=\"427\" title=\"- Cris autour du monde\"><\/p>\n<p>Pour accompagner le d\u00e9jeuner, il ne s'est pas retenu et a command\u00e9 une bonne bi\u00e8re, apr\u00e8s tout, nous \u00e9tions dans un bus.<br \/>\nEmmanuel a d\u00e9j\u00e0 \u00e9t\u00e9 dans l'assiette des enfants, qui est d'ailleurs tr\u00e8s bien servie !<img loading=\"lazy\" decoding=\"async\" class=\"aligncenter size-large wp-image-5930\" src=\"http:\/\/crispelomundo.com\/wp-content\/uploads\/2017\/06\/Paradise-Garage-Cris-Stilben-Cris-pelo-Mundo-Encontro-de-Viajantes-em-Teres\u00f3polis-31-1024x683.jpg\" alt=\"- Cris autour du monde\" width=\"640\" height=\"427\" title=\"- Cris autour du monde\"> Il a bien mang\u00e9 et il lui restait encore la moiti\u00e9 de l'assiette. S'il avait su \u00e0 l'avance, il aurait command\u00e9 une assiette pour nous deux.<br \/>\nTout est \u00e0 th\u00e8me au Paradise Garage, m\u00eame le menu est une coccinelle Volkswagen ou un volant, ce qui a distrait Emmanuel.<br \/>\nMais ce n'\u00e9tait pas suffisant ; le reste de la distraction consistait \u00e0 courir parmi les vraies voitures d'\u00e9poque \u00e0 l'arri\u00e8re du magasin.<br \/>\nLass\u00e9s, il \u00e9tait temps de se dire au revoir et de partir pour Rio de Janeiro.<\/p>\n<h4><span style=\"color: #ff6600;\"><strong><em>Nous sommes repartis avec de bons souvenirs et nous attendons avec impatience la 6\u00e8me rencontre des gens du voyage !<\/em><\/strong><\/span><br \/>\n<span style=\"color: #ff6600;\"> <strong><em>F\u00e1bio, ne tarde pas, tu nous manques d\u00e9j\u00e0.<\/em><\/strong><\/span><\/h4>\n<p style=\"text-align: center;\"><img loading=\"lazy\" decoding=\"async\" class=\"alignleft\" src=\"http:\/\/intrip.com.br\/wp-content\/uploads\/2017\/06\/Footer_Encontro-intripTere.jpg\" alt=\"R\u00e9union Intrip\" width=\"850\" height=\"260\" title=\"- Cris autour du monde\"><\/p>\n<p style=\"text-align: justify;\"><strong>Organisation :<\/strong> F\u00e1bio Lima (<a href=\"http:\/\/intrip.com.br\/\" target=\"_blank\" rel=\"noopener\">INTRIP<\/a>)<br \/>\n<strong>Invit\u00e9s :<\/strong> Diana Schrock (<a href=\"http:\/\/www.historiasdadi.com.br\/\" target=\"_blank\" rel=\"noopener\">Histoires de Di<\/a>), Cris Stilben (<a href=\"https:\/\/crispelomundo.com\/\" target=\"_blank\" rel=\"noopener\">Cris autour du monde<\/a>), Rafael Miranda (<a href=\"https:\/\/www.paraviagem.com.br\/\" target=\"_blank\" rel=\"noopener\">Voyages<\/a>), Zelinda A\u00eareas (<a href=\"http:\/\/www.emcantosfotograficos.com.br\/\" target=\"_blank\" rel=\"noopener\">Dans les coins photos<\/a>), Denise Tonin (<a href=\"https:\/\/viajantesolo.com.br\/\" target=\"_blank\" rel=\"noopener\">Voyageur solitaire<\/a>), Gabi Pizzato (<a href=\"http:\/\/www.devaneiosdebiela.com.br\/\" target=\"_blank\" rel=\"noopener\">Les r\u00eaves de Biela<\/a>), Roberta Martins (<a href=\"https:\/\/www.territorios.com.br\/\" target=\"_blank\" rel=\"noopener\">Territoires<\/a>), Gardenia Rogatto (jardins) (<a href=\"http:\/\/naopiradesopila.com\/\" target=\"_blank\" rel=\"noopener\">No Pira, desopila<\/a>), Carol Moreno (<a href=\"https:\/\/www.mochilaotrips.com\/\" target=\"_blank\" rel=\"noopener\">Voyages avec sac \u00e0 dos<\/a>), Mauricio Oliveira(<a href=\"http:\/\/www.trilhaseaventuras.com.br\/\" target=\"_blank\" rel=\"noopener\">Sentiers et aventures<\/a>), Fabio Pastorello (<a href=\"https:\/\/viagenscinematograficas.com.br\/\" target=\"_blank\" rel=\"noopener\">Voyages au cin\u00e9ma<\/a>), Lily et Julio (<a href=\"http:\/\/www.blogapaixonadosporviagens.com.br\/\" target=\"_blank\" rel=\"noopener\">Amateurs de voyages<\/a>), Naira et Eduardo (<a href=\"http:\/\/www.embarquenaviagem.com\/\" target=\"_blank\" rel=\"noopener\">Embarquez pour le voyage<\/a>), Dhebora et Rafael (<a href=\"https:\/\/www.cariocasemfronteiras.com.br\/\" target=\"_blank\" rel=\"noopener\">Carioca sans fronti\u00e8res<\/a>), Thais Costa (<a href=\"http:\/\/www.viagememcena.com\/\" target=\"_blank\" rel=\"noopener\">Voyager sur sc\u00e8ne<\/a>) et Gilson Fuma\u00e7a (Favela Scene).<\/p>","protected":false},"excerpt":{"rendered":"<p>5\u00ba Encontro de Viajantes do Intrip. Nos dias 2 a 4 de junho, n\u00f3s fomos para Teres\u00f3polis para participamos do 5\u00ba Encontro de Viajantes do INTRIP. Foi muito gostoso poder participar deste evento e uma honra enorme ser convidada! Do nosso lado estavam mais 16 blog que est\u00e3o entre os melhores do BRASIL! Claro que [&hellip;]<\/p>","protected":false},"author":1,"featured_media":3792,"comment_status":"open","ping_status":"open","sticky":false,"template":"","format":"standard","meta":{"footnotes":""},"categories":[22,24],"tags":[2030,158,2031,2032,2033,2034,405,2035,2036,186,1652,187,501,2037,850,2038,2039,2040,2041,1999,2001],"class_list":["post-3774","post","type-post","status-publish","format-standard","has-post-thumbnail","hentry","category-brasil","category-rio-de-janeiro","tag-cbf","tag-como","tag-don-phillipe","tag-granja","tag-granja-comary","tag-guapimirim","tag-ir","tag-lago-comary","tag-melhor-rodizio-de-pizza","tag-o-que-fazer","tag-onde","tag-onde-comer","tag-onde-ficar","tag-onde-ir-a-noite","tag-onde-se-hospedar","tag-paradise-garage","tag-parnaso","tag-pousada-tere-parque","tag-rodizio-de-pizza","tag-tere","tag-teresopolis"],"_links":{"self":[{"href":"https:\/\/crispelomundo.com.br\/fr\/wp-json\/wp\/v2\/posts\/3774","targetHints":{"allow":["GET"]}}],"collection":[{"href":"https:\/\/crispelomundo.com.br\/fr\/wp-json\/wp\/v2\/posts"}],"about":[{"href":"https:\/\/crispelomundo.com.br\/fr\/wp-json\/wp\/v2\/types\/post"}],"author":[{"embeddable":true,"href":"https:\/\/crispelomundo.com.br\/fr\/wp-json\/wp\/v2\/users\/1"}],"replies":[{"embeddable":true,"href":"https:\/\/crispelomundo.com.br\/fr\/wp-json\/wp\/v2\/comments?post=3774"}],"version-history":[{"count":0,"href":"https:\/\/crispelomundo.com.br\/fr\/wp-json\/wp\/v2\/posts\/3774\/revisions"}],"wp:featuredmedia":[{"embeddable":true,"href":"https:\/\/crispelomundo.com.br\/fr\/wp-json\/wp\/v2\/media\/3792"}],"wp:attachment":[{"href":"https:\/\/crispelomundo.com.br\/fr\/wp-json\/wp\/v2\/media?parent=3774"}],"wp:term":[{"taxonomy":"category","embeddable":true,"href":"https:\/\/crispelomundo.com.br\/fr\/wp-json\/wp\/v2\/categories?post=3774"},{"taxonomy":"post_tag","embeddable":true,"href":"https:\/\/crispelomundo.com.br\/fr\/wp-json\/wp\/v2\/tags?post=3774"}],"curies":[{"name":"wp","href":"https:\/\/api.w.org\/{rel}","templated":true}]}}