{"id":4521,"date":"2018-03-29T23:20:09","date_gmt":"2018-03-29T23:20:09","guid":{"rendered":"http:\/\/crispelomundo.com.br\/o-que-fazer-em-braga\/"},"modified":"2022-03-22T22:06:15","modified_gmt":"2022-03-22T22:06:15","slug":"o-que-fazer-em-braga","status":"publish","type":"post","link":"https:\/\/crispelomundo.com.br\/fr\/que-faire-a-braga\/","title":{"rendered":"Que faire \u00e0 Braga, la plus ancienne ville du Portugal ?"},"content":{"rendered":"<h2><span style=\"color: #ff6600;\">Respirez l'histoire et laissez-vous s\u00e9duire par une ville romaine au Portugal<\/span><\/h2>\n<p>Braga est consid\u00e9r\u00e9e comme la plus ancienne ville du Portugal, vieille de plus de 2000 ans ! C'est \u00e9galement l'une des plus anciennes villes catholiques du MONDE ! J'ai \u00e9t\u00e9 enchant\u00e9e \u00e0 chaque tournant et je vais vous dire ce qu'il faut faire \u00e0 Braga.<\/p>\n<p style=\"text-align: center;\"><iframe src=\"https:\/\/www.youtube.com\/embed\/KVdkA7_Jxe8\" width=\"560\" height=\"315\" frameborder=\"0\" allowfullscreen=\"allowfullscreen\"><\/iframe><\/p>\n<p>Je vous propose de vous promener \u00e0 travers les diff\u00e9rentes \u00e9poques de notre existence, de garder les yeux ouverts et de faire attention aux d\u00e9tails, Braga pourrait vous surprendre.<br \/>\nC'est C\u00e9sar Auguste lui-m\u00eame, l'empereur romain, qui a cr\u00e9\u00e9 Br\u00e1cara Augusta en l'an 16 de notre \u00e8re.<br \/>\nSaviez-vous qu'une grande partie de l'histoire du Br\u00e9sil est \u00e9galement pr\u00e9sente dans cette belle ville ? Alors venez voyager avec moi dans ces rues, ces monuments, ces places, ces parcs et ces mus\u00e9es.<\/p>\n<h4><span style=\"color: #ff6600;\">Arche de la nouvelle porte<\/span><\/h4>\n<p>Comme le disent les Portugais, commen\u00e7ons par le commencement - apr\u00e8s tout, c'est par cet arc que nous sommes entr\u00e9s dans la ville de Braga !<br \/>\nAu d\u00e9but du XVIe si\u00e8cle, l'\u00e9v\u00eaque D. Diogo Sousa a pris l'initiative d'ouvrir un arc dans la Rua do Souto, connu sous le nom d'Arco da Porta Nova. Diogo de Sousa prit l'initiative d'ouvrir l'Arco da Rua do Souto, connu sous le nom d'Arco da Porta Nova.<br \/>\nL'\u00e9v\u00eaque D. Diogo de Sousa a jou\u00e9 un r\u00f4le tr\u00e8s important dans le d\u00e9veloppement de Braga, avec une vision au-del\u00e0 de son temps.<\/p>\n<p><img fetchpriority=\"high\" decoding=\"async\" class=\"aligncenter size-large wp-image-7378\" src=\"https:\/\/crispelomundo.com\/wp-content\/uploads\/2018\/03\/C0061-1-1024x576.jpg\" alt=\"NOUVELLE PORTE ARC BRAGA CRISSTILBEN\" width=\"640\" height=\"360\" title=\"- Cris autour du monde\"><\/p>\n<p>Cependant, l'arc de Porta Nova n'a pris la forme que nous lui connaissons aujourd'hui qu'au XVIIIe si\u00e8cle, lorsque l'archev\u00eaque Gaspar de Bragan\u00e7a a probablement demand\u00e9 \u00e0 Andr\u00e9 Soares d'effectuer le changement.<br \/>\nAndr\u00e9 Soares a \u00e9t\u00e9 une figure pr\u00e9dominante dans l'actualisation esth\u00e9tique de la ville au cours des p\u00e9riodes baroque et rococo, l'Arco da Porta Nova en \u00e9tant un excellent exemple.<br \/>\nBraga est \u00e9galement connue comme la ville du baroque, et cette p\u00e9riode est tr\u00e8s pr\u00e9sente dans ses b\u00e2timents.<br \/>\nN'oubliez pas de pr\u00eater attention aux d\u00e9tails de l'Arco da Porta Nova, tant du c\u00f4t\u00e9 de la Rua do Souto, qui pr\u00e9sente une forte influence baroque, que du c\u00f4t\u00e9 oppos\u00e9, qui pr\u00e9sente un n\u00e9oclassicisme latent.<\/p>\n<h4><span style=\"color: #ff6600;\">Cath\u00e9drale de S\u00e9<\/span><\/h4>\n<p>En passant par l'Arco da Porta Nova et en marchant quelques minutes, vous arrivez \u00e0 la cath\u00e9drale de S\u00e9 !<br \/>\nBien s\u00fbr, je ne peux pas parler de ce qu'il faut faire \u00e0 Braga sans mentionner cette attraction, qui est devenue tr\u00e8s importante pour les Portugais.<br \/>\nIls ont m\u00eame cr\u00e9\u00e9 une expression o\u00f9 cette cath\u00e9drale est ins\u00e9r\u00e9e<\/p>\n<h6>\"Elle est plus ancienne que la cath\u00e9drale de Braga\"<\/h6>\n<p>Les Portugais utilisent cette expression pour parler de quelque chose d'ancien !<br \/>\nApr\u00e8s tout, la cath\u00e9drale de S\u00e9 a \u00e9t\u00e9 la premi\u00e8re cath\u00e9drale du Portugal, construite au VIIe si\u00e8cle.<br \/>\nCommand\u00e9 par Henri lui-m\u00eame, comte de Portugal, et son \u00e9pouse Teresa de Le\u00f3n, comtesse de Portugal, parents du premier roi de Portugal, Afonso Henriques.<br \/>\nMais il n'y a pas que l'ext\u00e9rieur qui impressionne : \u00e0 l'int\u00e9rieur, on peut voyager dans le temps et un mus\u00e9e propose des expositions int\u00e9ressantes.<br \/>\nMais il n'y a pas que le mus\u00e9e qui vous \u00e9tonnera. Vous aimez les l\u00e9gendes ?<br \/>\nAvez-vous d\u00e9j\u00e0 entendu parler du miracle des fruits ? Je vais vous le raconter.<\/p>\n<p><img decoding=\"async\" class=\"aligncenter size-large wp-image-7377\" src=\"https:\/\/crispelomundo.com\/wp-content\/uploads\/2018\/03\/DJI_0002-2-1-1024x576.jpg\" alt=\"SE DE BRAGA CRISSTILBEN\" width=\"640\" height=\"360\" title=\"- Cris autour du monde\"><\/p>\n<p>C'\u00e9tait l'hiver, il faisait tr\u00e8s froid, il y avait beaucoup de neige et les arbres ne poussaient pas \u00e0 cause de cela.<br \/>\nC'est alors que saint G\u00e9rard, qui \u00e9tait tr\u00e8s malade, a commenc\u00e9 \u00e0 demander des fruits et en a demand\u00e9 jusqu'\u00e0 ce que ses pri\u00e8res soient exauc\u00e9es et que les arbres du verger soient remplis de fruits !<br \/>\nSi vous \u00eates \u00e0 Braga le 5 d\u00e9cembre, ne manquez pas de visiter la chapelle. C'est gratuit et les enfants peuvent recr\u00e9er le miracle du fruit \u00e0 l'int\u00e9rieur de la cath\u00e9drale.<br \/>\nC'est dans la cath\u00e9drale, plus pr\u00e9cis\u00e9ment dans la chapelle des Rois, que se trouvent \u00e9galement les tombes des parents du premier roi du Portugal, Henri de Bourgogne et Th\u00e9r\u00e8se de Le\u00f3n.<br \/>\nConna\u00eetre la ville et ne pas inclure cette attraction dans votre liste de choses \u00e0 faire \u00e0 Braga est une erreur ! En plus de toute l'histoire mentionn\u00e9e, vous pouvez \u00e9galement voir une belle collection au mus\u00e9e S\u00e9.<\/p>\n<h4><span style=\"color: #ff6600;\">Jardin de Santa B\u00e1rbara<\/span><\/h4>\n<p>Se promener dans Braga est tout simplement un d\u00e9lice, ses rues sont tr\u00e8s bien conserv\u00e9es et les sols sont propres, chaque coin est une surprise.<\/p>\n<p><img decoding=\"async\" class=\"aligncenter size-large wp-image-7362\" src=\"https:\/\/crispelomundo.com\/wp-content\/uploads\/2018\/03\/DSCF2755-1024x683.jpg\" alt=\"SANTA BARBARA CRISSTILBEN GARDEN\" width=\"640\" height=\"427\" title=\"- Cris autour du monde\"><\/p>\n<p>H\u00e9, attendez, nous devons nous arr\u00eater et appr\u00e9cier le parfum des belles fleurs color\u00e9es !<br \/>\nLe jardin de Santa B\u00e1rbara a \u00e9t\u00e9 cr\u00e9\u00e9 par un jardinier du nom de Jos\u00e9 Cardoso da Silva - quel capricieux !<\/p>\n<p><img loading=\"lazy\" decoding=\"async\" class=\"aligncenter size-large wp-image-7375\" src=\"https:\/\/crispelomundo.com\/wp-content\/uploads\/2018\/03\/WhatsApp-Image-2018-03-29-at-22.58.57-4-1-1024x497.jpeg\" alt=\"- Cris autour du monde\" width=\"640\" height=\"311\" title=\"- Cris autour du monde\"><\/p>\n<h4><span style=\"color: #ff6600;\">Place de la ville<\/span><\/h4>\n<p>Juste \u00e0 c\u00f4t\u00e9 du jardin Santa B\u00e1rbara se trouve la Pra\u00e7a do Munic\u00edpio.<br \/>\nMais il n'a pas toujours eu ce nom, il \u00e9tait connu sous le nom de Bullring et il y avait aussi un march\u00e9.<br \/>\nC'est dr\u00f4le comme les choses changent avec le temps, n'est-ce pas ?<br \/>\nMais aujourd'hui, c'est sur cette place que se trouve l'h\u00f4tel de ville de Braga et qu'Andr\u00e9 Soares est \u00e0 nouveau pr\u00e9sent.<\/p>\n<p>Andr\u00e9 Soares est n\u00e9 \u00e0 Braga, il \u00e9tait architecte et a id\u00e9alis\u00e9 l'h\u00f4tel de ville avec beaucoup d'affection.<br \/>\nSon nom est pr\u00e9sent sur de nombreux b\u00e2timents que l'on trouve dans la ville.<br \/>\nSur cette place se trouve \u00e9galement le grand b\u00e2timent qui abritait les archev\u00eaques et qui \u00e9tait appel\u00e9 le palais des archev\u00eaques.<br \/>\nMais les surprises ne s'arr\u00eatent pas l\u00e0, au milieu de la place se trouve la fontaine du P\u00e9lican, qui est magnifique !<\/p>\n<h4><span style=\"color: #ff6600;\">\u00c9glise de Santa Cruz<\/span><\/h4>\n<p>S'il y a une chose pour laquelle Braga est tr\u00e8s dou\u00e9, ce sont les \u00e9glises.<br \/>\nLa ville est extr\u00eamement catholique et les \u00e9glises ne peuvent pas \u00eatre oubli\u00e9es dans la liste des choses \u00e0 faire \u00e0 Braga.<br \/>\nCette \u00e9glise a de belles all\u00e9es dor\u00e9es et de nombreux \u00e9l\u00e9ments sur la mort de J\u00e9sus.<br \/>\nIl s'agit d'une autre \u0153uvre d'Andr\u00e9 Soares et l'un des premiers grands monuments baroques de Braga.<br \/>\nC'est aussi l\u00e0 que l'on trouve une autre l\u00e9gende de la ville, lol j'adore les l\u00e9gendes.<\/p>\n<p>Les filles qui veulent se marier, ouvrez l'\u0153il et trouvez les trois coqs cach\u00e9s autour de l'\u00e9glise, ils sont en relief !<br \/>\nSi vous le faites, votre mariage est assur\u00e9 !<br \/>\nLes avez-vous vus ? Deux sont tr\u00e8s faciles \u00e0 voir, le troisi\u00e8me...<\/p>\n<h4><span style=\"color: #ff6600;\">Garder<\/span><\/h4>\n<p>C'\u00e9tait pratiquement ce qui restait de l'ancien ch\u00e2teau de Braga, la plus grande tour de l'ancienne muraille m\u00e9di\u00e9vale.<br \/>\nEn fait, cette tour a \u00e9t\u00e9 construite environ 60 ans apr\u00e8s le ch\u00e2teau pour renforcer la d\u00e9fense de la ville.<\/p>\n<p><img loading=\"lazy\" decoding=\"async\" class=\"aligncenter size-large wp-image-7369\" src=\"https:\/\/crispelomundo.com\/wp-content\/uploads\/2018\/03\/DSF0155-1024x683.jpg\" alt=\"CRISSTILBEN GARDER\" width=\"640\" height=\"427\" title=\"- Cris autour du monde\"><br \/>\nCe n'est qu'en 1375 que le roi Ferdinand a d\u00e9cid\u00e9 qu'il \u00e9tait n\u00e9cessaire de construire le donjon, apr\u00e8s l'invasion d'Henri II de Castille en 1369, qui a pratiquement ruin\u00e9 la ville de Braga, et qu'un b\u00e2timent renforc\u00e9 \u00e9tait n\u00e9cessaire pour d\u00e9fendre la ville.<\/p>\n<p>Malheureusement, l'\u00e9volution de la ville de Braga a \u00e9t\u00e9 sans piti\u00e9 pour ses b\u00e2timents anciens : en 1853, la porte Souto a \u00e9t\u00e9 d\u00e9truite, puis le ch\u00e2teau de Braga a subi le m\u00eame sort en 1906.<br \/>\nLes politiciens de la fin de la monarchie ont couru apr\u00e8s le progr\u00e8s et ont fait dispara\u00eetre d'innombrables t\u00e9moignages de la ville m\u00e9di\u00e9vale ; des huit portes de la muraille, il n'en reste que deux.<\/p>\n<p><img loading=\"lazy\" decoding=\"async\" class=\"aligncenter wp-image-7368\" src=\"https:\/\/crispelomundo.com\/wp-content\/uploads\/2018\/03\/DSF0160-683x1024.jpg\" alt=\"CRISSTILBEN GARDER\" width=\"389\" height=\"584\" title=\"- Cris autour du monde\"><\/p>\n<p>Mais je suis heureuse que nous ayons pu ressentir un peu de l'air m\u00e9di\u00e9val de la ville aujourd'hui, encore plus en visitant et en apprenant \u00e0 conna\u00eetre cet incroyable donjon.<br \/>\nEmmanuel a ador\u00e9 voir l'exposition \u00e0 l'int\u00e9rieur de la Tour et \u00e9couter tout ce que nous lui avons racont\u00e9 sur cette \u00e9poque.<\/p>\n<p><img loading=\"lazy\" decoding=\"async\" class=\"aligncenter wp-image-7367 size-large\" src=\"https:\/\/crispelomundo.com\/wp-content\/uploads\/2018\/03\/DSF0164-1-1024x683.jpg\" alt=\"GARDER BRAGA CRISSTILBEN \" width=\"640\" height=\"427\" title=\"- Cris autour du monde\"><br \/>\nLes pierres qui se chevauchent sur le mur t\u00e9moignent d'un fait tr\u00e8s int\u00e9ressant ! Les tailleurs de pierre de l'\u00e9poque avaient l'habitude de cr\u00e9er des dessins qui \u00e9taient comme leur signature. Chacun avait un dessin sp\u00e9cifique et \u00e0 partir de l\u00e0, il \u00e9tait possible de compter combien de pierres chacun avait pos\u00e9es et ils \u00e9taient pay\u00e9s pour leur travail.<\/p>\n<h4><span style=\"color: #ff6600;\">Palais de la foudre<\/span><\/h4>\n<p>Il s'agit du Palacio do Raio ou Casa Mexicana, un autre b\u00e2timent auquel Andr\u00e9 Soares a particip\u00e9.<br \/>\nIl a \u00e9t\u00e9 construit pour la famille de Jo\u00e3o Duarte Faria. La porte principale et le balcon sont consid\u00e9r\u00e9s comme le meilleur exemple d'architecture civile \u00e0 Braga.<\/p>\n<p><img loading=\"lazy\" decoding=\"async\" class=\"aligncenter size-large wp-image-7355\" src=\"https:\/\/crispelomundo.com\/wp-content\/uploads\/2018\/03\/WhatsApp-Image-2018-03-29-at-22.58.57-3-1024x884.jpeg\" alt=\"PALACIO DO RAIO QUE FAIRE \u00c0 BRAGA CRISSTILBEN\" width=\"640\" height=\"553\" title=\"- Cris autour du monde\"><br \/>\nCependant, il a subi quelques changements au cours du 19e si\u00e8cle.<br \/>\nSes couleurs vives et magnifiques le font ressortir du paysage environnant, et il vaut la peine d'\u00eatre visit\u00e9 rien que pour appr\u00e9cier sa fa\u00e7ade !<\/p>\n<h4><span style=\"color: #ff6600;\">Place de la R\u00e9publique<\/span><\/h4>\n<p>C'est ici que les commer\u00e7ants \u00e9changeaient leurs marchandises et aujourd'hui, on y trouve de nombreux caf\u00e9s et de petites boutiques.<br \/>\nC'est dans ce square que se trouve un grand espace ext\u00e9rieur o\u00f9 la petite adore courir de haut en bas.<\/p>\n<p><img loading=\"lazy\" decoding=\"async\" class=\"aligncenter size-large wp-image-7374\" src=\"https:\/\/crispelomundo.com\/wp-content\/uploads\/2018\/03\/DSCF2527-1024x683.jpg\" alt=\"PLACE DE LA R\u00c9PUBLIQUE BRAGA CRISSTILBEN\" width=\"640\" height=\"427\" title=\"- Cris autour du monde\"><\/p>\n<p>Il y a une belle fontaine et l'un des caf\u00e9s les plus traditionnels de la ville, le Caf\u00e9 Vianna.<br \/>\nDe temps en temps, vous trouverez le panneau de Braga, o\u00f9 les touristes aiment prendre des milliers de photos.<\/p>\n<p><img loading=\"lazy\" decoding=\"async\" class=\"aligncenter size-large wp-image-7357\" src=\"https:\/\/crispelomundo.com\/wp-content\/uploads\/2018\/03\/WhatsApp-Image-2018-03-29-at-22.58.57-1-1024x497.jpeg\" alt=\"PLACE DE LA R\u00c9PUBLIQUE BRAGA CRISSTILBEN\" width=\"640\" height=\"311\" title=\"- Cris autour du monde\">Passer une fin d'apr\u00e8s-midi et terminer sa promenade sur cette place est une excellente id\u00e9e.<\/p>\n<h4><span style=\"color: #ff6600;\">Que faire \u00e0 Braga, loin du centre.<\/span><\/h4>\n<h4><span style=\"color: #ff6600;\">Bom Jesus do Monte<\/span><\/h4>\n<p>C'est l'une des cartes postales de la ville, avec un bel escalier menant \u00e0 l'\u00e9glise, beaucoup d'histoire et d'\u0153uvres sacr\u00e9es, ainsi qu'une vue sensationnelle sur la ville.<\/p>\n<p><img loading=\"lazy\" decoding=\"async\" class=\"aligncenter size-large wp-image-7371\" src=\"https:\/\/crispelomundo.com\/wp-content\/uploads\/2018\/03\/DSF0115-1024x683.jpg\" alt=\"BRAGA POUR UNE PAILLE BOM JESUS DO MONTE CRISSTIILBEN\" width=\"640\" height=\"427\" title=\"- Cris autour du monde\"><br \/>\nC'est l\u00e0 que se trouve un t\u00e9lescope qui permet de voir en d\u00e9tail tous les points de la ville. C'est ce t\u00e9lescope qui est \u00e0 l'origine d'une expression courante \u00e0 Braga.<\/p>\n<h6>Allons-nous voir Braga \u00e0 travers une paille ?<\/h6>\n<p>D\u00e9ambulez dans les chapelles situ\u00e9es sur chaque palier de l'escalier et admirez les magnifiques \u0153uvres qui racontent la vie de J\u00e9sus.<\/p>\n<p><img loading=\"lazy\" decoding=\"async\" class=\"aligncenter size-large wp-image-7373\" src=\"https:\/\/crispelomundo.com\/wp-content\/uploads\/2018\/03\/DSF0081-1024x683.jpg\" alt=\"BOM JESUS DO MONTE CRISSTILBEN\" width=\"640\" height=\"427\" title=\"- Cris autour du monde\"><br \/>\nNe manquez pas l'escalier des cinq sens : chaque palier est dot\u00e9 d'une fontaine et si vous regardez bien, vous comprendrez pourquoi on l'appelle ainsi. Mais ce n'est pas tout ce que Bom Jesus vous r\u00e9serve : explorez la r\u00e9gion et allez au-del\u00e0 de l'\u00e9glise ! Je suis s\u00fbr que vous serez tr\u00e8s surpris.<\/p>\n<p><img loading=\"lazy\" decoding=\"async\" class=\"aligncenter size-large wp-image-7361\" src=\"https:\/\/crispelomundo.com\/wp-content\/uploads\/2018\/03\/WhatsApp-Image-2018-03-29-at-22.58.56-1024x768.jpeg\" alt=\"BOSQUE BOM JESUS DO MONTE CRISSTILBEN\" width=\"640\" height=\"480\" title=\"- Cris autour du monde\"><br \/>\nIl y a un joli bois avec des tables de pique-nique, une aire de jeux et un beau lac.<\/p>\n<h4><span style=\"color: #ff6600;\">Sameiro<\/span><\/h4>\n<p>Sameiro est le deuxi\u00e8me plus grand lieu de d\u00e9votion \u00e0 la Vierge Marie, apr\u00e8s F\u00e1tima.<br \/>\nElle a vu le jour en 1863, avec un simple pi\u00e9destal sur lequel \u00e9tait plac\u00e9e l'image de Notre-Dame Immacul\u00e9e Conception.<br \/>\nEn 1870, une chapelle fut construite, mais ce n'est qu'en 1890 que d\u00e9buta la construction de la basilique que nous connaissons aujourd'hui, qui ne fut achev\u00e9e qu'en 1953.<\/p>\n<p><img loading=\"lazy\" decoding=\"async\" class=\"aligncenter wp-image-7353\" src=\"https:\/\/crispelomundo.com\/wp-content\/uploads\/2018\/03\/DSF0735-1-683x1024.jpg\" alt=\"SAMEIRO CRISSTILBEN \" width=\"359\" height=\"539\" title=\"- Cris autour du monde\"><br \/>\nLe p\u00e8lerinage sur le site \u00e9tait si important que, m\u00eame \u00e0 l'\u00e9poque, l'espace n'\u00e9tait pas suffisant et qu'une crypte a d\u00fb \u00eatre construite sous terre.<br \/>\nMais ce n'est pas seulement la basilique qui attire l'attention, ses places et ses jardins m\u00e9ritent une attention particuli\u00e8re<\/p>\n<p><img loading=\"lazy\" decoding=\"async\" class=\"aligncenter size-large wp-image-7376\" src=\"https:\/\/crispelomundo.com\/wp-content\/uploads\/2018\/03\/DSF0736-1024x683.jpg\" alt=\"SAMEIRO BRAGA CRISSTILBEN\" width=\"640\" height=\"427\" title=\"- Cris autour du monde\"><\/p>\n<h4><span style=\"color: #ff6600;\">Gastronomie<\/span><\/h4>\n<p>Manger au Portugal est presque une attraction touristique en soi et ce qu'il faut faire \u00e0 Braga ne pourrait pas \u00eatre plus \u00e9loign\u00e9 du sujet.<br \/>\nNous pouvons nous promener \u00e0 travers diff\u00e9rentes saveurs ! Et si nous commencions par le c\u00e9l\u00e8bre Bacalhau \u00e0 Narcisa ou \u00e0 Braga ?!<br \/>\nIl y a ceux qui osent un peu et essayent la soupe Sarrabulho, mais j'avoue que je n'ai pas aim\u00e9 \u00e7a, de la viande tremp\u00e9e dans le sang coagul\u00e9 d'un cochon.<\/p>\n<p><img loading=\"lazy\" decoding=\"async\" class=\"aligncenter size-large wp-image-7313\" src=\"https:\/\/crispelomundo.com\/wp-content\/uploads\/2018\/03\/DJI_0054-1024x576.jpg\" alt=\"GELATO BRAGA CRISSTILBEN\" width=\"640\" height=\"360\" title=\"- Cris autour du monde\"><br \/>\nIl faut dire que les sucreries ne sont pas en reste ! Pudim \u00e0 Abade de Priscos, fidalguinhos, paci\u00eancia et sameirinhos !<br \/>\nIl y a tellement de d\u00e9lices qu'il est difficile de partir sans prendre du poids !<\/p>\n<h4><span style=\"color: #ff6600;\">Principaux festivals, \u00e0 ne pas manquer<\/span><\/h4>\n<p>Braga est tr\u00e8s ancienne et ses manifestations ne seraient pas d\u00e9pays\u00e9es non plus, ce sont les plus anciennes de tout le Portugal, et le p\u00e8lerinage de la Saint-Jean se distingue \u00e0 cet \u00e9gard.<\/p>\n<h4><span style=\"color: #ff6600;\">Semaine Sainte<\/span><\/h4>\n<p>Pendant cette semaine, la ville est compl\u00e8tement transform\u00e9e, il y a des concerts et des processions grandioses d\u00e9crivant la vie de J\u00e9sus.<br \/>\nLes processions sont tr\u00e8s \u00e9labor\u00e9es et ne vous laissez pas effrayer par les Farricocos, des hommes habill\u00e9s tout en noir et tournant un bruyant cliquet.<br \/>\nElle a toujours lieu pendant la semaine sainte<\/p>\n<h4><span style=\"color: #ff6600;\">P\u00e8lerinage de Saint-Jean<\/span><\/h4>\n<p>C'est le plus ancien p\u00e8lerinage de la Saint-Jean au Portugal, et la ville est toute d\u00e9cor\u00e9e et magnifique !<br \/>\nLe temps s'empare de la ville et, pour une fois, la d\u00e9coration est \u00e0 l'honneur.<br \/>\nInclure cet \u00e9v\u00e9nement dans votre itin\u00e9raire de ce qu'il faut faire \u00e0 Braga, c'est ajouter de l'histoire \u00e0 votre emploi du temps.<br \/>\nLes places sont bond\u00e9es de monde et la musique fait la f\u00eate !<br \/>\nNe manquez pas le d\u00e9fil\u00e9 des Ranchos Folcl\u00f3ricos.<br \/>\nElle a lieu en juin<\/p>\n<h4><span style=\"color: #ff6600;\">Roman Braga<\/span><\/h4>\n<p>Braga fait revivre son histoire chaque ann\u00e9e lors d'un magnifique festival ! On a l'impression de voyager dans le temps quand on voit les chars, les Romains et les guerriers se promener dans la ville.<br \/>\nsi vous avez l'occasion de dresser une liste des choses \u00e0 faire \u00e0 Braga pendant cette p\u00e9riode, vous gagnerez \u00e9galement un \u00e9v\u00e9nement qui en vaut la peine !<br \/>\nFoires, th\u00e9\u00e2tres et spectacles ne manqueront pas d'enchanter la ville et ses visiteurs<br \/>\nElle a lieu le dernier week-end de mai<\/p>\n<h4><span style=\"color: #ff6600;\">Nuit blanche<\/span><\/h4>\n<p>En fait, ce sont deux nuits et deux jours de festivit\u00e9s, de culture et de bonheur.<br \/>\nUne fois de plus, les places sont prises d'assaut, l'effervescence et les concerts font partie de la soir\u00e9e.<\/p>\n<p>Si vous pouvez inclure ce festival dans votre liste de choses \u00e0 faire \u00e0 Braga, vous ne le regretterez pas.<br \/>\nDes sc\u00e8nes et des stands compl\u00e8tent la f\u00eate.<br \/>\nLes rues du centre sont presque enti\u00e8rement occup\u00e9es par des gens qui veulent voir le meilleur de la ville.<br \/>\nElle a lieu en septembre.<\/p>\n<h4><span style=\"color: #ff6600;\">Histoire de Braga<\/span><\/h4>\n<p>Vous ne pouvez pas penser \u00e0 ce qu'il y a \u00e0 faire \u00e0 Braga sans conna\u00eetre un peu son histoire, cela fera toute la diff\u00e9rence pour vos visites.<br \/>\nBraga est consid\u00e9r\u00e9e comme la plus ancienne ville du Portugal, avec des monuments qui ont r\u00e9sist\u00e9 \u00e0 l'\u00e9preuve du temps. Il y a tant de d\u00e9tails !<\/p>\n<p><img loading=\"lazy\" decoding=\"async\" class=\"aligncenter wp-image-7365\" src=\"https:\/\/crispelomundo.com\/wp-content\/uploads\/2018\/03\/DSCF2702-683x1024.jpg\" alt=\"BRAGA PORTUGAL CRISSTILBEN\" width=\"368\" height=\"552\" title=\"- Cris autour du monde\"><\/p>\n<p>Il est ainsi facile d'initier nos petits \u00e0 l'histoire, en jouant avec les p\u00e9riodes romaine et m\u00e9di\u00e9vale jusqu'\u00e0 aujourd'hui.<br \/>\nNous avons pu le ramener au Br\u00e9sil dans ce jeu, en comblant le foss\u00e9 entre le baroque pr\u00e9sent \u00e0 Braga et \u00e0 Minas.<\/p>\n<p>Il y a aussi la premi\u00e8re croix utilis\u00e9e lors de la premi\u00e8re messe au Br\u00e9sil ! C'est formidable d'apprendre des choses d'ici et d'ailleurs.<br \/>\nNous n'aurions pas pu choisir une meilleure ville pour lancer notre projet \"Il \u00e9tait une fois, un pays par mois\".<br \/>\nBraga respire l'histoire, le charme et les surprises.<br \/>\nNotre petite a absorb\u00e9 beaucoup de bonnes choses tout en apprenant beaucoup.<br \/>\nNous en profitons pour tout leur raconter de mani\u00e8re ludique et magique, afin que leurs yeux s'illuminent \u00e0 chaque nouveaut\u00e9.<\/p>\n<h4><span style=\"color: #ff6600;\">L'histoire du mill\u00e9naire<\/span><\/h4>\n<p>L'histoire de Braga remonte \u00e0 plusieurs si\u00e8cles, avec des traces d'habitation dans la r\u00e9gion datant d'avant l'\u00e2ge de bronze ! Ce n'est toutefois qu'\u00e0 l'\u00e2ge du fer que l'on trouve des t\u00e9moignages plus significatifs. Les Celtes, connus sous le nom de Br\u00e1caros ou en latin Bracari, \u00e9taient les habitants de l'\u00e9poque.<br \/>\nInutile de dire que c'est de l\u00e0 que vient le nom de la ville, d'accord, mais ce ne sont pas eux qui ont baptis\u00e9 la ville.<br \/>\nAu IIe si\u00e8cle de notre \u00e8re, c'est-\u00e0-dire AVANT CHRIST ! Plus pr\u00e9cis\u00e9ment en l'an 16, les Romains s'emparent de la r\u00e9gion et cr\u00e9ent Bracara Augusta.<\/p>\n<p>Le nom a \u00e9t\u00e9 donn\u00e9 en l'honneur de l'empereur de l'\u00e9poque, C\u00e9sar Auguste, qui a personnellement particip\u00e9 \u00e0 la fondation de la nouvelle ville.<br \/>\nBracara Augusta \u00e9tait autrefois la ville romaine la plus importante en dehors de Rome et la capitale de la Galice.<br \/>\nDepuis lors, de nombreuses pierres ont roul\u00e9 et des conflits ont surgi, des royaumes et encore des royaumes ont travers\u00e9 la r\u00e9gion.<br \/>\nRoyaume wisigothique, conqu\u00eates des Maures, Royaume des Asturies et bien d'autres choses encore jusqu'\u00e0 ce qu'elle devienne la belle ville de Braga que nous connaissons aujourd'hui.<br \/>\nL'histoire de la ville est extr\u00eamement riche et se promener dans ces rues anciennes et chercher quoi faire \u00e0 Braga sans le savoir, c'est passer \u00e0 c\u00f4t\u00e9 de beaucoup de d\u00e9tails.<\/p>\n<p><em><strong><a href=\"https:\/\/crispelomundo.com\/hospedar-com-crianca-em-bangkok\/\" target=\"_blank\" rel=\"noopener\">Voir ici<\/a>\u00a0notre aventure en Tha\u00eflande, en commen\u00e7ant par notre h\u00e9bergement \u00e0 Bangkok<\/strong><\/em><br \/>\n<em><strong>N'oubliez pas de nous suivre sur\u00a0<\/strong><\/em><em><strong><a href=\"https:\/\/www.instagram.com\/crispelomundo\/\" target=\"_blank\" rel=\"noopener\">Instagram<\/a>\u00a0et profiter de tous nos voyages en temps r\u00e9el.<\/strong><\/em><br \/>\n<em><strong>Ou voyagez avec nous dans nos vid\u00e9os sur\u00a0<a href=\"https:\/\/www.youtube.com\/crispelomundo\" target=\"_blank\" rel=\"noopener\">YouTube !<\/a>\u00a0<\/strong><\/em><\/p>","protected":false},"excerpt":{"rendered":"<p>Respire hist\u00f3ria e se encante com uma cidade Romana em Portugal Braga \u00e9 considerada a cidade mais antiga de Portugal, tendo mais de 2000 anos! Al\u00e9m disso, \u00e9 uma das cidades cat\u00f3licas mais antigas do MUNDO! Fiquei encantada a cada esquina e vou contar para voc\u00eas o que fazer em Braga Proponho a voc\u00eas uma [&hellip;]<\/p>","protected":false},"author":1,"featured_media":4522,"comment_status":"open","ping_status":"open","sticky":false,"template":"","format":"standard","meta":{"footnotes":""},"categories":[26,2463],"tags":[2505,2506,2507,2508,2509,2510,2511,2512,2513,2514,2515,2516,2517,2518,2519,2520,186,1914,2521,2522,2488,2523,2524,54,2525,2526,2527,2528],"class_list":["post-4521","post","type-post","status-publish","format-standard","has-post-thumbnail","hentry","category-europa","category-portugal","tag-arco-da-porta-nova","tag-bom-jesus","tag-bom-jesus-do-monte","tag-bracara-augusta","tag-braga","tag-braga-antiga","tag-braga-barroca","tag-braga-por-um-canudo","tag-braga-romana","tag-catedral-da-se","tag-cesar-augusto","tag-igreja-de-santa-cruz","tag-jardim-de-santa-barbar","tag-mais-antigo-que-a-se","tag-noite-branca","tag-norte-de-portugal","tag-o-que-fazer","tag-o-que-fazer-em","tag-o-que-fazer-em-braga","tag-palacio-do-raio","tag-portugal","tag-praca-da-republica","tag-praca-do-municipio","tag-roteiro","tag-sameiro","tag-se","tag-semana-santa","tag-torre-de-menagem"],"_links":{"self":[{"href":"https:\/\/crispelomundo.com.br\/fr\/wp-json\/wp\/v2\/posts\/4521","targetHints":{"allow":["GET"]}}],"collection":[{"href":"https:\/\/crispelomundo.com.br\/fr\/wp-json\/wp\/v2\/posts"}],"about":[{"href":"https:\/\/crispelomundo.com.br\/fr\/wp-json\/wp\/v2\/types\/post"}],"author":[{"embeddable":true,"href":"https:\/\/crispelomundo.com.br\/fr\/wp-json\/wp\/v2\/users\/1"}],"replies":[{"embeddable":true,"href":"https:\/\/crispelomundo.com.br\/fr\/wp-json\/wp\/v2\/comments?post=4521"}],"version-history":[{"count":0,"href":"https:\/\/crispelomundo.com.br\/fr\/wp-json\/wp\/v2\/posts\/4521\/revisions"}],"wp:featuredmedia":[{"embeddable":true,"href":"https:\/\/crispelomundo.com.br\/fr\/wp-json\/wp\/v2\/media\/4522"}],"wp:attachment":[{"href":"https:\/\/crispelomundo.com.br\/fr\/wp-json\/wp\/v2\/media?parent=4521"}],"wp:term":[{"taxonomy":"category","embeddable":true,"href":"https:\/\/crispelomundo.com.br\/fr\/wp-json\/wp\/v2\/categories?post=4521"},{"taxonomy":"post_tag","embeddable":true,"href":"https:\/\/crispelomundo.com.br\/fr\/wp-json\/wp\/v2\/tags?post=4521"}],"curies":[{"name":"wp","href":"https:\/\/api.w.org\/{rel}","templated":true}]}}